{"id":72329,"date":"2023-06-15T13:28:29","date_gmt":"2023-06-15T11:28:29","guid":{"rendered":"https:\/\/www.marelle-bio.com\/?p=72329"},"modified":"2023-06-15T13:33:14","modified_gmt":"2023-06-15T11:33:14","slug":"nos-adresses-preferees-a-geneve","status":"publish","type":"post","link":"https:\/\/www.marelle-bio.com\/fr\/nos-adresses-preferees-a-geneve\/","title":{"rendered":"Nos adresses pr\u00e9f\u00e9r\u00e9es \u00e0 Gen\u00e8ve"},"content":{"rendered":"\n<p>Genevoise depuis maintenant pr\u00e8s de 12 ans, je souhaitais vous faire part de mes adresses f\u00e9tiches pour passer de bons moments en famille dans la cit\u00e9 de Calvin. Que vous y habitiez ou que vous y soyez de passage, \u00e0 coup s\u00fbr, ces adresses sauront vous s\u00e9duire!  <\/p>\n\n\n\n<p>  <em>     &#8211; Vanessa Toublanc, fondatrice de Marelle<\/em><\/p>\n\n\n\n<p><\/p>\n\n\n\n<p><strong>D\u00e9jeuner et se baigner aux Bains des P\u00e2quis<\/strong><\/p>\n\n\n\n<p>Les Bains des P\u00e2quis sont une institution \u00e0 Gen\u00e8ve! Construits en 1872 sur la rive droite, ce sont de magnifiques bains publiques comprenant une plage, des bassins de nage, des plongeoirs, des saunas et une buvette o\u00f9 vous vous r\u00e9galerez de plats simples et copieux face \u00e0 la plus belle vue de Gen\u00e8ve. Allez-y par beau temps, vous aimerez l&#8217;ambiance d\u00e9licieusement retro et surann\u00e9 de ce lieu historique et unique! <\/p>\n\n\n\n<p><a href=\"https:\/\/www.bains-des-paquis.ch\"><em>www.bains-des-paquis.ch<\/em><\/a><\/p>\n\n\n\n<p><\/p>\n\n\n\n<figure class=\"wp-block-gallery aligncenter columns-2 is-cropped wp-block-gallery-1 is-layout-flex wp-block-gallery-is-layout-flex\"><ul class=\"blocks-gallery-grid\"><li class=\"blocks-gallery-item\"><figure><img decoding=\"async\" loading=\"lazy\" width=\"784\" height=\"1024\" src=\"https:\/\/www.marelle-bio.com\/wp-content\/uploads\/2023\/06\/IMG_8408-1-784x1024.jpeg\" alt=\"\" data-id=\"72487\" data-full-url=\"https:\/\/www.marelle-bio.com\/wp-content\/uploads\/2023\/06\/IMG_8408-1.jpeg\" data-link=\"https:\/\/www.marelle-bio.com\/?attachment_id=72487\" class=\"wp-image-72487\" srcset=\"https:\/\/www.marelle-bio.com\/wp-content\/uploads\/2023\/06\/IMG_8408-1-784x1024.jpeg 784w, https:\/\/www.marelle-bio.com\/wp-content\/uploads\/2023\/06\/IMG_8408-1-600x784.jpeg 600w, https:\/\/www.marelle-bio.com\/wp-content\/uploads\/2023\/06\/IMG_8408-1-613x800.jpeg 613w, https:\/\/www.marelle-bio.com\/wp-content\/uploads\/2023\/06\/IMG_8408-1-768x1003.jpeg 768w, https:\/\/www.marelle-bio.com\/wp-content\/uploads\/2023\/06\/IMG_8408-1-1176x1536.jpeg 1176w, https:\/\/www.marelle-bio.com\/wp-content\/uploads\/2023\/06\/IMG_8408-1-300x392.jpeg 300w, https:\/\/www.marelle-bio.com\/wp-content\/uploads\/2023\/06\/IMG_8408-1.jpeg 1284w\" sizes=\"(max-width: 784px) 100vw, 784px\" \/><\/figure><\/li><li class=\"blocks-gallery-item\"><figure><img decoding=\"async\" loading=\"lazy\" width=\"778\" height=\"1024\" src=\"https:\/\/www.marelle-bio.com\/wp-content\/uploads\/2023\/06\/IMG_8409-1-778x1024.jpeg\" alt=\"\" data-id=\"72489\" data-full-url=\"https:\/\/www.marelle-bio.com\/wp-content\/uploads\/2023\/06\/IMG_8409-1.jpeg\" data-link=\"https:\/\/www.marelle-bio.com\/?attachment_id=72489\" class=\"wp-image-72489\" srcset=\"https:\/\/www.marelle-bio.com\/wp-content\/uploads\/2023\/06\/IMG_8409-1-778x1024.jpeg 778w, https:\/\/www.marelle-bio.com\/wp-content\/uploads\/2023\/06\/IMG_8409-1-600x790.jpeg 600w, https:\/\/www.marelle-bio.com\/wp-content\/uploads\/2023\/06\/IMG_8409-1-608x800.jpeg 608w, https:\/\/www.marelle-bio.com\/wp-content\/uploads\/2023\/06\/IMG_8409-1-768x1011.jpeg 768w, https:\/\/www.marelle-bio.com\/wp-content\/uploads\/2023\/06\/IMG_8409-1-1167x1536.jpeg 1167w, https:\/\/www.marelle-bio.com\/wp-content\/uploads\/2023\/06\/IMG_8409-1-300x395.jpeg 300w, https:\/\/www.marelle-bio.com\/wp-content\/uploads\/2023\/06\/IMG_8409-1.jpeg 1282w\" sizes=\"(max-width: 778px) 100vw, 778px\" \/><\/figure><\/li><\/ul><\/figure>\n\n\n\n<p><strong>Faire une vir\u00e9e shopping dans le nouveau showroom de My Little Room dans le quartier des Eaux-Vives<\/strong><\/p>\n\n\n\n<p>Cette boutique propose tout ce qu&#8217;il y a de plus beau au sein de l&#8217;univers pour enfants &#8211; du mobilier, \u00e0 la d\u00e9corations, aux jouets, aux soins et accessoires. Vous y trouverez Marelle bien sur! Nich\u00e9 dans un b\u00e2timent d&#8217;origine industrielle baign\u00e9 de lumi\u00e8re, ce showroom sur deux \u00e9tages est le temple du design pour enfants \u00e0 Gen\u00e8ve! <\/p>\n\n\n\n<p><a href=\"https:\/\/www.mylittleroom.ch\"><em>www.mylittleroom.ch<\/em><\/a><\/p>\n\n\n\n<div class=\"wp-block-group\"><div class=\"wp-block-group__inner-container is-layout-flow wp-block-group-is-layout-flow\">\n<div class=\"wp-block-group\"><div class=\"wp-block-group__inner-container is-layout-flow wp-block-group-is-layout-flow\">\n<div class=\"wp-block-group\"><div class=\"wp-block-group__inner-container is-layout-flow wp-block-group-is-layout-flow\">\n<figure class=\"wp-block-gallery aligncenter columns-2 is-cropped wp-block-gallery-3 is-layout-flex wp-block-gallery-is-layout-flex\"><ul class=\"blocks-gallery-grid\"><li class=\"blocks-gallery-item\"><figure><img decoding=\"async\" loading=\"lazy\" width=\"825\" height=\"1024\" src=\"https:\/\/www.marelle-bio.com\/wp-content\/uploads\/2023\/06\/8BD5BCCE-3689-4307-AA75-738BBC03BEE7_1_201_a-2-825x1024.jpeg\" alt=\"\" data-id=\"72805\" data-full-url=\"https:\/\/www.marelle-bio.com\/wp-content\/uploads\/2023\/06\/8BD5BCCE-3689-4307-AA75-738BBC03BEE7_1_201_a-2.jpeg\" data-link=\"https:\/\/www.marelle-bio.com\/?attachment_id=72805\" class=\"wp-image-72805\" srcset=\"https:\/\/www.marelle-bio.com\/wp-content\/uploads\/2023\/06\/8BD5BCCE-3689-4307-AA75-738BBC03BEE7_1_201_a-2-825x1024.jpeg 825w, https:\/\/www.marelle-bio.com\/wp-content\/uploads\/2023\/06\/8BD5BCCE-3689-4307-AA75-738BBC03BEE7_1_201_a-2-600x745.jpeg 600w, https:\/\/www.marelle-bio.com\/wp-content\/uploads\/2023\/06\/8BD5BCCE-3689-4307-AA75-738BBC03BEE7_1_201_a-2-644x800.jpeg 644w, https:\/\/www.marelle-bio.com\/wp-content\/uploads\/2023\/06\/8BD5BCCE-3689-4307-AA75-738BBC03BEE7_1_201_a-2-768x954.jpeg 768w, https:\/\/www.marelle-bio.com\/wp-content\/uploads\/2023\/06\/8BD5BCCE-3689-4307-AA75-738BBC03BEE7_1_201_a-2-1237x1536.jpeg 1237w, https:\/\/www.marelle-bio.com\/wp-content\/uploads\/2023\/06\/8BD5BCCE-3689-4307-AA75-738BBC03BEE7_1_201_a-2-300x372.jpeg 300w, https:\/\/www.marelle-bio.com\/wp-content\/uploads\/2023\/06\/8BD5BCCE-3689-4307-AA75-738BBC03BEE7_1_201_a-2.jpeg 1283w\" sizes=\"(max-width: 825px) 100vw, 825px\" \/><\/figure><\/li><li class=\"blocks-gallery-item\"><figure><img decoding=\"async\" loading=\"lazy\" width=\"819\" height=\"1024\" src=\"https:\/\/www.marelle-bio.com\/wp-content\/uploads\/2023\/06\/6B20C797-D668-4258-BC10-3F72D38766B3-5-819x1024.jpeg\" alt=\"\" data-id=\"72807\" data-full-url=\"https:\/\/www.marelle-bio.com\/wp-content\/uploads\/2023\/06\/6B20C797-D668-4258-BC10-3F72D38766B3-5-scaled.jpeg\" data-link=\"https:\/\/www.marelle-bio.com\/?attachment_id=72807\" class=\"wp-image-72807\" srcset=\"https:\/\/www.marelle-bio.com\/wp-content\/uploads\/2023\/06\/6B20C797-D668-4258-BC10-3F72D38766B3-5-819x1024.jpeg 819w, https:\/\/www.marelle-bio.com\/wp-content\/uploads\/2023\/06\/6B20C797-D668-4258-BC10-3F72D38766B3-5-600x750.jpeg 600w, https:\/\/www.marelle-bio.com\/wp-content\/uploads\/2023\/06\/6B20C797-D668-4258-BC10-3F72D38766B3-5-640x800.jpeg 640w, https:\/\/www.marelle-bio.com\/wp-content\/uploads\/2023\/06\/6B20C797-D668-4258-BC10-3F72D38766B3-5-768x960.jpeg 768w, https:\/\/www.marelle-bio.com\/wp-content\/uploads\/2023\/06\/6B20C797-D668-4258-BC10-3F72D38766B3-5-1228x1536.jpeg 1228w, https:\/\/www.marelle-bio.com\/wp-content\/uploads\/2023\/06\/6B20C797-D668-4258-BC10-3F72D38766B3-5-scaled.jpeg 1638w, https:\/\/www.marelle-bio.com\/wp-content\/uploads\/2023\/06\/6B20C797-D668-4258-BC10-3F72D38766B3-5-2000x2501.jpeg 2000w, https:\/\/www.marelle-bio.com\/wp-content\/uploads\/2023\/06\/6B20C797-D668-4258-BC10-3F72D38766B3-5-300x375.jpeg 300w\" sizes=\"(max-width: 819px) 100vw, 819px\" \/><\/figure><\/li><\/ul><\/figure>\n<\/div><\/div>\n<\/div><\/div>\n<\/div><\/div>\n\n\n\n<p><strong>Prendre une limonade au Kiosque des Bastions<\/strong><\/p>\n\n\n\n<p>Tr\u00f4nant au c\u0153ur du tr\u00e8s joli parc des Bastions \u00e0 Gen\u00e8ve et profitant donc d\u2019un emplacement unique et central, le Kiosque a \u00e9t\u00e9 construit \u00e0 la Belle Epoque entre\u00a01881 et\u00a01882, pour d\u00e9mocratiser les arts en faisant sortir la musique des salons aristocratiques, de l\u2019op\u00e9ra ou du th\u00e9\u00e2tre. Au gr\u00e9 des \u00e9poques, le lieu est devenu un restaurant et m\u00eame un cin\u00e9ma. Cette immense verri\u00e8re d&#8217;exception a r\u00e9cemment \u00e9t\u00e9 merveilleusement restaur\u00e9e dans un esprit art-d\u00e9co v\u00e9g\u00e9tal \u2013 palmiers, motifs exotiques, dominante du vert \u2013 transportent les visiteurs dans une jungle citadine. L&#8217;immense terrasse du kiosque est un v\u00e9ritable havre de paix en centre ville. Allez-y avec vos bambins pour siroter une limonade ou prendre un ap\u00e9ritif!<\/p>\n\n\n\n<p><a href=\"https:\/\/bastions.ch\"><em>www.bastions.ch<\/em><\/a><\/p>\n\n\n\n<figure class=\"wp-block-gallery aligncenter columns-2 is-cropped wp-block-gallery-8 is-layout-flex wp-block-gallery-is-layout-flex\"><ul class=\"blocks-gallery-grid\"><li class=\"blocks-gallery-item\"><figure><img decoding=\"async\" loading=\"lazy\" width=\"928\" height=\"1024\" src=\"https:\/\/www.marelle-bio.com\/wp-content\/uploads\/2023\/06\/Capture-d\u2019\u00e9cran-2023-06-12-\u00e0-16.29.45-928x1024.png\" alt=\"\" data-id=\"72810\" data-full-url=\"https:\/\/www.marelle-bio.com\/wp-content\/uploads\/2023\/06\/Capture-d\u2019\u00e9cran-2023-06-12-\u00e0-16.29.45.png\" data-link=\"https:\/\/www.marelle-bio.com\/?attachment_id=72810\" class=\"wp-image-72810\" srcset=\"https:\/\/www.marelle-bio.com\/wp-content\/uploads\/2023\/06\/Capture-d\u2019\u00e9cran-2023-06-12-\u00e0-16.29.45-928x1024.png 928w, https:\/\/www.marelle-bio.com\/wp-content\/uploads\/2023\/06\/Capture-d\u2019\u00e9cran-2023-06-12-\u00e0-16.29.45-600x662.png 600w, https:\/\/www.marelle-bio.com\/wp-content\/uploads\/2023\/06\/Capture-d\u2019\u00e9cran-2023-06-12-\u00e0-16.29.45-725x800.png 725w, https:\/\/www.marelle-bio.com\/wp-content\/uploads\/2023\/06\/Capture-d\u2019\u00e9cran-2023-06-12-\u00e0-16.29.45-768x847.png 768w, https:\/\/www.marelle-bio.com\/wp-content\/uploads\/2023\/06\/Capture-d\u2019\u00e9cran-2023-06-12-\u00e0-16.29.45-300x331.png 300w, https:\/\/www.marelle-bio.com\/wp-content\/uploads\/2023\/06\/Capture-d\u2019\u00e9cran-2023-06-12-\u00e0-16.29.45.png 1102w\" sizes=\"(max-width: 928px) 100vw, 928px\" \/><\/figure><\/li><li class=\"blocks-gallery-item\"><figure><img decoding=\"async\" loading=\"lazy\" width=\"928\" height=\"1024\" src=\"https:\/\/www.marelle-bio.com\/wp-content\/uploads\/2023\/06\/Capture-d\u2019\u00e9cran-2023-06-12-\u00e0-16.30.06-928x1024.png\" alt=\"\" data-id=\"72812\" data-full-url=\"https:\/\/www.marelle-bio.com\/wp-content\/uploads\/2023\/06\/Capture-d\u2019\u00e9cran-2023-06-12-\u00e0-16.30.06.png\" data-link=\"https:\/\/www.marelle-bio.com\/?attachment_id=72812\" class=\"wp-image-72812\" srcset=\"https:\/\/www.marelle-bio.com\/wp-content\/uploads\/2023\/06\/Capture-d\u2019\u00e9cran-2023-06-12-\u00e0-16.30.06-928x1024.png 928w, https:\/\/www.marelle-bio.com\/wp-content\/uploads\/2023\/06\/Capture-d\u2019\u00e9cran-2023-06-12-\u00e0-16.30.06-600x662.png 600w, https:\/\/www.marelle-bio.com\/wp-content\/uploads\/2023\/06\/Capture-d\u2019\u00e9cran-2023-06-12-\u00e0-16.30.06-725x800.png 725w, https:\/\/www.marelle-bio.com\/wp-content\/uploads\/2023\/06\/Capture-d\u2019\u00e9cran-2023-06-12-\u00e0-16.30.06-768x848.png 768w, https:\/\/www.marelle-bio.com\/wp-content\/uploads\/2023\/06\/Capture-d\u2019\u00e9cran-2023-06-12-\u00e0-16.30.06-300x331.png 300w, https:\/\/www.marelle-bio.com\/wp-content\/uploads\/2023\/06\/Capture-d\u2019\u00e9cran-2023-06-12-\u00e0-16.30.06.png 1080w\" sizes=\"(max-width: 928px) 100vw, 928px\" \/><\/figure><\/li><\/ul><\/figure>\n\n\n\n<p><strong>Aller voir un film au Cin\u00e9 17<\/strong><\/p>\n\n\n\n<p>Juste en sortant du parc des Bastions se trouve le cin\u00e9 17 qui est un merveilleux cin\u00e9ma ind\u00e9pendant avec une excellente programmation. Cerise sur le gateau, la salle principale comporte de grand si\u00e8ges en cuir tr\u00e8s confortables que vous pouvez incliner. Toutes les conditions sont r\u00e9unis pour profiter au mieux de votre film! <\/p>\n\n\n\n<p><a href=\"http:\/\/www.cine17.ch\"><em>www.cine17.ch<\/em><\/a><\/p>\n\n\n\n<figure class=\"wp-block-gallery aligncenter columns-2 is-cropped wp-block-gallery-10 is-layout-flex wp-block-gallery-is-layout-flex\"><ul class=\"blocks-gallery-grid\"><li class=\"blocks-gallery-item\"><figure><img decoding=\"async\" loading=\"lazy\" width=\"576\" height=\"792\" src=\"https:\/\/www.marelle-bio.com\/wp-content\/uploads\/2023\/06\/Capture-d\u2019\u00e9cran-2023-06-13-\u00e0-16.19.32.png\" alt=\"\" data-id=\"72885\" data-full-url=\"https:\/\/www.marelle-bio.com\/wp-content\/uploads\/2023\/06\/Capture-d\u2019\u00e9cran-2023-06-13-\u00e0-16.19.32.png\" data-link=\"https:\/\/www.marelle-bio.com\/?attachment_id=72885\" class=\"wp-image-72885\" srcset=\"https:\/\/www.marelle-bio.com\/wp-content\/uploads\/2023\/06\/Capture-d\u2019\u00e9cran-2023-06-13-\u00e0-16.19.32.png 576w, https:\/\/www.marelle-bio.com\/wp-content\/uploads\/2023\/06\/Capture-d\u2019\u00e9cran-2023-06-13-\u00e0-16.19.32-300x413.png 300w\" sizes=\"(max-width: 576px) 100vw, 576px\" \/><\/figure><\/li><li class=\"blocks-gallery-item\"><figure><img decoding=\"async\" loading=\"lazy\" width=\"652\" height=\"874\" src=\"https:\/\/www.marelle-bio.com\/wp-content\/uploads\/2023\/06\/Capture-d\u2019\u00e9cran-2023-06-13-\u00e0-16.18.12.png\" alt=\"\" data-id=\"72887\" data-full-url=\"https:\/\/www.marelle-bio.com\/wp-content\/uploads\/2023\/06\/Capture-d\u2019\u00e9cran-2023-06-13-\u00e0-16.18.12.png\" data-link=\"https:\/\/www.marelle-bio.com\/?attachment_id=72887\" class=\"wp-image-72887\" srcset=\"https:\/\/www.marelle-bio.com\/wp-content\/uploads\/2023\/06\/Capture-d\u2019\u00e9cran-2023-06-13-\u00e0-16.18.12.png 652w, https:\/\/www.marelle-bio.com\/wp-content\/uploads\/2023\/06\/Capture-d\u2019\u00e9cran-2023-06-13-\u00e0-16.18.12-600x804.png 600w, https:\/\/www.marelle-bio.com\/wp-content\/uploads\/2023\/06\/Capture-d\u2019\u00e9cran-2023-06-13-\u00e0-16.18.12-597x800.png 597w, https:\/\/www.marelle-bio.com\/wp-content\/uploads\/2023\/06\/Capture-d\u2019\u00e9cran-2023-06-13-\u00e0-16.18.12-300x402.png 300w\" sizes=\"(max-width: 652px) 100vw, 652px\" \/><\/figure><\/li><\/ul><\/figure>\n\n\n\n<p><strong>Marcher le long de la plage des Eaux-Vives et diner au Restaurant de la Plage<\/strong><\/p>\n\n\n\n<p>Longer la nouvelle plage des Eaux-Vives est une balade tr\u00e8s agr\u00e9able sur les rives du lac L\u00e9man.  Au bout de la plage s\u2019\u00e9tire l\u2019immense terrasse du Restaurant de la Plage. Le b\u00e2timent industriel enti\u00e8rement vitr\u00e9 offre une vue panoramique unique! Le Restaurant de la plage, ce n\u2019est pas seulement un b\u00e2timent magnifique au milieu du lac avec une vue \u00e0 couper le souffle, c\u2019est surtout un bistro genevois o\u00f9 on mange des produits de la r\u00e9gion garantis avec une vrai saisonnalit\u00e9 et tra\u00e7abilit\u00e9. Si vous pr\u00e9f\u00e9rez d\u00eener sur le pouce, il y a une buvette plus simple juste \u00e0 c\u00f4t\u00e9 qui propose des plats de qualit\u00e9 \u00e0 emporter ou \u00e0 savourer sur place autour de grandes tables faisant face au lac.<\/p>\n\n\n\n<p> <a href=\"https:\/\/restoplage.ch\"><em>www.restoplage.ch<\/em><\/a><\/p>\n\n\n\n<figure class=\"wp-block-gallery columns-1 is-cropped wp-block-gallery-12 is-layout-flex wp-block-gallery-is-layout-flex\"><ul class=\"blocks-gallery-grid\"><li class=\"blocks-gallery-item\"><figure><img decoding=\"async\" loading=\"lazy\" width=\"1024\" height=\"450\" src=\"https:\/\/www.marelle-bio.com\/wp-content\/uploads\/2023\/06\/Capture-d\u2019\u00e9cran-2023-06-08-\u00e0-15.42.32-1024x450.png\" alt=\"\" data-id=\"72890\" data-full-url=\"https:\/\/www.marelle-bio.com\/wp-content\/uploads\/2023\/06\/Capture-d\u2019\u00e9cran-2023-06-08-\u00e0-15.42.32.png\" data-link=\"https:\/\/www.marelle-bio.com\/?attachment_id=72890\" class=\"wp-image-72890\" srcset=\"https:\/\/www.marelle-bio.com\/wp-content\/uploads\/2023\/06\/Capture-d\u2019\u00e9cran-2023-06-08-\u00e0-15.42.32-1024x450.png 1024w, https:\/\/www.marelle-bio.com\/wp-content\/uploads\/2023\/06\/Capture-d\u2019\u00e9cran-2023-06-08-\u00e0-15.42.32-600x264.png 600w, https:\/\/www.marelle-bio.com\/wp-content\/uploads\/2023\/06\/Capture-d\u2019\u00e9cran-2023-06-08-\u00e0-15.42.32-800x352.png 800w, https:\/\/www.marelle-bio.com\/wp-content\/uploads\/2023\/06\/Capture-d\u2019\u00e9cran-2023-06-08-\u00e0-15.42.32-768x337.png 768w, https:\/\/www.marelle-bio.com\/wp-content\/uploads\/2023\/06\/Capture-d\u2019\u00e9cran-2023-06-08-\u00e0-15.42.32-1536x675.png 1536w, https:\/\/www.marelle-bio.com\/wp-content\/uploads\/2023\/06\/Capture-d\u2019\u00e9cran-2023-06-08-\u00e0-15.42.32.png 2048w, https:\/\/www.marelle-bio.com\/wp-content\/uploads\/2023\/06\/Capture-d\u2019\u00e9cran-2023-06-08-\u00e0-15.42.32-2000x879.png 2000w, https:\/\/www.marelle-bio.com\/wp-content\/uploads\/2023\/06\/Capture-d\u2019\u00e9cran-2023-06-08-\u00e0-15.42.32-300x132.png 300w\" sizes=\"(max-width: 1024px) 100vw, 1024px\" \/><\/figure><\/li><\/ul><\/figure>\n\n\n\n<p><strong>Si vous souhaitez un restaurant plus chic, le Caf\u00e9 de la Plage est une des meilleures adresses culinaires de Gen\u00e8ve!<\/strong><\/p>\n\n\n\n<p>Ce restaurant se situe en centre ville dans un \u00e9crin majestueux qu&#8217;est le Grand Th\u00e9\u00e2tre! C&#8217;est un restaurant bistronomique qui propose d\u2019\u00e9l\u00e9gantes assiettes de saison dans un cadre contemporain qui r\u00e9ussit \u00e0 s\u2019imbriquer dans l\u2019architecture classique de ce lieu embl\u00e9matique de la ville.&nbsp;La cuisine est d\u00e9licieuse et raffin\u00e9e. Le restaurant poss\u00e8de \u00e9galement une terrasse pour les beaux jours.<\/p>\n\n\n\n<p><em> <a href=\"https:\/\/www.gtg.ch\/cafe-de-la-plage\/\">www.gtg.ch\/cafe-de-la-plage<\/a><\/em><\/p>\n\n\n\n<figure class=\"wp-block-gallery columns-2 is-cropped wp-block-gallery-14 is-layout-flex wp-block-gallery-is-layout-flex\"><ul class=\"blocks-gallery-grid\"><li class=\"blocks-gallery-item\"><figure><img decoding=\"async\" loading=\"lazy\" width=\"694\" height=\"870\" src=\"https:\/\/www.marelle-bio.com\/wp-content\/uploads\/2023\/06\/Capture-d\u2019\u00e9cran-2023-06-08-\u00e0-16.34.15.png\" alt=\"\" data-id=\"72892\" data-full-url=\"https:\/\/www.marelle-bio.com\/wp-content\/uploads\/2023\/06\/Capture-d\u2019\u00e9cran-2023-06-08-\u00e0-16.34.15.png\" data-link=\"https:\/\/www.marelle-bio.com\/?attachment_id=72892\" class=\"wp-image-72892\" srcset=\"https:\/\/www.marelle-bio.com\/wp-content\/uploads\/2023\/06\/Capture-d\u2019\u00e9cran-2023-06-08-\u00e0-16.34.15.png 694w, https:\/\/www.marelle-bio.com\/wp-content\/uploads\/2023\/06\/Capture-d\u2019\u00e9cran-2023-06-08-\u00e0-16.34.15-600x752.png 600w, https:\/\/www.marelle-bio.com\/wp-content\/uploads\/2023\/06\/Capture-d\u2019\u00e9cran-2023-06-08-\u00e0-16.34.15-638x800.png 638w, https:\/\/www.marelle-bio.com\/wp-content\/uploads\/2023\/06\/Capture-d\u2019\u00e9cran-2023-06-08-\u00e0-16.34.15-300x376.png 300w\" sizes=\"(max-width: 694px) 100vw, 694px\" \/><\/figure><\/li><li class=\"blocks-gallery-item\"><figure><img decoding=\"async\" loading=\"lazy\" width=\"926\" height=\"754\" src=\"https:\/\/www.marelle-bio.com\/wp-content\/uploads\/2023\/06\/Capture-d\u2019\u00e9cran-2023-06-08-\u00e0-16.40.35.png\" alt=\"\" data-id=\"72894\" data-full-url=\"https:\/\/www.marelle-bio.com\/wp-content\/uploads\/2023\/06\/Capture-d\u2019\u00e9cran-2023-06-08-\u00e0-16.40.35.png\" data-link=\"https:\/\/www.marelle-bio.com\/?attachment_id=72894\" class=\"wp-image-72894\" srcset=\"https:\/\/www.marelle-bio.com\/wp-content\/uploads\/2023\/06\/Capture-d\u2019\u00e9cran-2023-06-08-\u00e0-16.40.35.png 926w, https:\/\/www.marelle-bio.com\/wp-content\/uploads\/2023\/06\/Capture-d\u2019\u00e9cran-2023-06-08-\u00e0-16.40.35-600x489.png 600w, https:\/\/www.marelle-bio.com\/wp-content\/uploads\/2023\/06\/Capture-d\u2019\u00e9cran-2023-06-08-\u00e0-16.40.35-800x651.png 800w, https:\/\/www.marelle-bio.com\/wp-content\/uploads\/2023\/06\/Capture-d\u2019\u00e9cran-2023-06-08-\u00e0-16.40.35-768x625.png 768w, https:\/\/www.marelle-bio.com\/wp-content\/uploads\/2023\/06\/Capture-d\u2019\u00e9cran-2023-06-08-\u00e0-16.40.35-300x244.png 300w\" sizes=\"(max-width: 926px) 100vw, 926px\" \/><\/figure><\/li><\/ul><\/figure>\n","protected":false},"excerpt":{"rendered":"<p>Genevoise depuis maintenant pr\u00e8s de 12 ans, je souhaitais vous faire part de mes adresses f\u00e9tiches pour passer de bons moments en famille dans la (&#8230;)<\/p>\n","protected":false},"author":9,"featured_media":72783,"comment_status":"closed","ping_status":"closed","sticky":false,"template":"","format":"standard","meta":{"footnotes":""},"acf":[],"yoast_head":"<!-- This site is optimized with the Yoast SEO plugin v21.2 - https:\/\/yoast.com\/wordpress\/plugins\/seo\/ -->\n<title>Nos adresses pr\u00e9f\u00e9r\u00e9es \u00e0 Gen\u00e8ve &#8226; Marelle<\/title>\n<meta name=\"robots\" content=\"index, follow, max-snippet:-1, max-image-preview:large, max-video-preview:-1\" \/>\n<link rel=\"canonical\" href=\"https:\/\/www.marelle-bio.com\/fr\/nos-adresses-preferees-a-geneve\/\" \/>\n<meta property=\"og:locale\" content=\"fr_FR\" \/>\n<meta property=\"og:type\" content=\"article\" \/>\n<meta property=\"og:title\" content=\"Nos adresses pr\u00e9f\u00e9r\u00e9es \u00e0 Gen\u00e8ve &#8226; Marelle\" \/>\n<meta property=\"og:description\" content=\"Genevoise depuis maintenant pr\u00e8s de 12 ans, je souhaitais vous faire part de mes adresses f\u00e9tiches pour passer de bons moments en famille dans la (...)\" \/>\n<meta property=\"og:url\" content=\"https:\/\/www.marelle-bio.com\/fr\/nos-adresses-preferees-a-geneve\/\" \/>\n<meta property=\"og:site_name\" content=\"Marelle\" \/>\n<meta property=\"article:publisher\" content=\"https:\/\/www.facebook.com\/marellebio\/\" \/>\n<meta property=\"article:published_time\" content=\"2023-06-15T11:28:29+00:00\" \/>\n<meta property=\"article:modified_time\" content=\"2023-06-15T11:33:14+00:00\" \/>\n<meta property=\"og:image\" content=\"https:\/\/www.marelle-bio.com\/wp-content\/uploads\/2023\/06\/Capture-d\u2019\u00e9cran-2023-06-12-\u00e0-15.57.07.png\" \/>\n\t<meta property=\"og:image:width\" content=\"2048\" \/>\n\t<meta property=\"og:image:height\" content=\"822\" \/>\n\t<meta property=\"og:image:type\" content=\"image\/png\" \/>\n<meta name=\"author\" content=\"Vanessa\" \/>\n<meta name=\"twitter:card\" content=\"summary_large_image\" \/>\n<meta name=\"twitter:label1\" content=\"\u00c9crit par\" \/>\n\t<meta name=\"twitter:data1\" content=\"Vanessa\" \/>\n\t<meta name=\"twitter:label2\" content=\"Dur\u00e9e de lecture estim\u00e9e\" \/>\n\t<meta name=\"twitter:data2\" content=\"3 minutes\" \/>\n<script type=\"application\/ld+json\" class=\"yoast-schema-graph\">{\"@context\":\"https:\/\/schema.org\",\"@graph\":[{\"@type\":\"Article\",\"@id\":\"https:\/\/www.marelle-bio.com\/fr\/nos-adresses-preferees-a-geneve\/#article\",\"isPartOf\":{\"@id\":\"https:\/\/www.marelle-bio.com\/fr\/nos-adresses-preferees-a-geneve\/\"},\"author\":{\"name\":\"Vanessa\",\"@id\":\"https:\/\/www.marelle-bio.com\/fr\/#\/schema\/person\/9119c533d28e414df6fb97f440c5f62d\"},\"headline\":\"Nos adresses pr\u00e9f\u00e9r\u00e9es \u00e0 Gen\u00e8ve\",\"datePublished\":\"2023-06-15T11:28:29+00:00\",\"dateModified\":\"2023-06-15T11:33:14+00:00\",\"mainEntityOfPage\":{\"@id\":\"https:\/\/www.marelle-bio.com\/fr\/nos-adresses-preferees-a-geneve\/\"},\"wordCount\":688,\"publisher\":{\"@id\":\"https:\/\/www.marelle-bio.com\/fr\/#organization\"},\"inLanguage\":\"fr-FR\"},{\"@type\":\"WebPage\",\"@id\":\"https:\/\/www.marelle-bio.com\/fr\/nos-adresses-preferees-a-geneve\/\",\"url\":\"https:\/\/www.marelle-bio.com\/fr\/nos-adresses-preferees-a-geneve\/\",\"name\":\"Nos adresses pr\u00e9f\u00e9r\u00e9es \u00e0 Gen\u00e8ve &#8226; Marelle\",\"isPartOf\":{\"@id\":\"https:\/\/www.marelle-bio.com\/fr\/#website\"},\"datePublished\":\"2023-06-15T11:28:29+00:00\",\"dateModified\":\"2023-06-15T11:33:14+00:00\",\"breadcrumb\":{\"@id\":\"https:\/\/www.marelle-bio.com\/fr\/nos-adresses-preferees-a-geneve\/#breadcrumb\"},\"inLanguage\":\"fr-FR\",\"potentialAction\":[{\"@type\":\"ReadAction\",\"target\":[\"https:\/\/www.marelle-bio.com\/fr\/nos-adresses-preferees-a-geneve\/\"]}]},{\"@type\":\"BreadcrumbList\",\"@id\":\"https:\/\/www.marelle-bio.com\/fr\/nos-adresses-preferees-a-geneve\/#breadcrumb\",\"itemListElement\":[{\"@type\":\"ListItem\",\"position\":1,\"name\":\"Accueil\",\"item\":\"https:\/\/www.marelle-bio.com\/fr\/\"},{\"@type\":\"ListItem\",\"position\":2,\"name\":\"Nos adresses pr\u00e9f\u00e9r\u00e9es \u00e0 Gen\u00e8ve\"}]},{\"@type\":\"WebSite\",\"@id\":\"https:\/\/www.marelle-bio.com\/fr\/#website\",\"url\":\"https:\/\/www.marelle-bio.com\/fr\/\",\"name\":\"Marelle\",\"description\":\"Soins bio pour b\u00e9b\u00e9s et enfants\",\"publisher\":{\"@id\":\"https:\/\/www.marelle-bio.com\/fr\/#organization\"},\"potentialAction\":[{\"@type\":\"SearchAction\",\"target\":{\"@type\":\"EntryPoint\",\"urlTemplate\":\"https:\/\/www.marelle-bio.com\/fr\/?s={search_term_string}\"},\"query-input\":\"required name=search_term_string\"}],\"inLanguage\":\"fr-FR\"},{\"@type\":\"Organization\",\"@id\":\"https:\/\/www.marelle-bio.com\/fr\/#organization\",\"name\":\"Marelle\",\"url\":\"https:\/\/www.marelle-bio.com\/fr\/\",\"logo\":{\"@type\":\"ImageObject\",\"inLanguage\":\"fr-FR\",\"@id\":\"https:\/\/www.marelle-bio.com\/fr\/#\/schema\/logo\/image\/\",\"url\":\"https:\/\/www.marelle-bio.com\/wp-content\/uploads\/2019\/10\/logo.png\",\"contentUrl\":\"https:\/\/www.marelle-bio.com\/wp-content\/uploads\/2019\/10\/logo.png\",\"width\":608,\"height\":295,\"caption\":\"Marelle\"},\"image\":{\"@id\":\"https:\/\/www.marelle-bio.com\/fr\/#\/schema\/logo\/image\/\"},\"sameAs\":[\"https:\/\/www.facebook.com\/marellebio\/\",\"https:\/\/www.instagram.com\/marelle_bio\/\"]},{\"@type\":\"Person\",\"@id\":\"https:\/\/www.marelle-bio.com\/fr\/#\/schema\/person\/9119c533d28e414df6fb97f440c5f62d\",\"name\":\"Vanessa\"}]}<\/script>\n<!-- \/ Yoast SEO plugin. -->","yoast_head_json":{"title":"Nos adresses pr\u00e9f\u00e9r\u00e9es \u00e0 Gen\u00e8ve &#8226; Marelle","robots":{"index":"index","follow":"follow","max-snippet":"max-snippet:-1","max-image-preview":"max-image-preview:large","max-video-preview":"max-video-preview:-1"},"canonical":"https:\/\/www.marelle-bio.com\/fr\/nos-adresses-preferees-a-geneve\/","og_locale":"fr_FR","og_type":"article","og_title":"Nos adresses pr\u00e9f\u00e9r\u00e9es \u00e0 Gen\u00e8ve &#8226; Marelle","og_description":"Genevoise depuis maintenant pr\u00e8s de 12 ans, je souhaitais vous faire part de mes adresses f\u00e9tiches pour passer de bons moments en famille dans la (...)","og_url":"https:\/\/www.marelle-bio.com\/fr\/nos-adresses-preferees-a-geneve\/","og_site_name":"Marelle","article_publisher":"https:\/\/www.facebook.com\/marellebio\/","article_published_time":"2023-06-15T11:28:29+00:00","article_modified_time":"2023-06-15T11:33:14+00:00","og_image":[{"width":2048,"height":822,"url":"https:\/\/www.marelle-bio.com\/wp-content\/uploads\/2023\/06\/Capture-d\u2019\u00e9cran-2023-06-12-\u00e0-15.57.07.png","type":"image\/png"}],"author":"Vanessa","twitter_card":"summary_large_image","twitter_misc":{"\u00c9crit par":"Vanessa","Dur\u00e9e de lecture estim\u00e9e":"3 minutes"},"schema":{"@context":"https:\/\/schema.org","@graph":[{"@type":"Article","@id":"https:\/\/www.marelle-bio.com\/fr\/nos-adresses-preferees-a-geneve\/#article","isPartOf":{"@id":"https:\/\/www.marelle-bio.com\/fr\/nos-adresses-preferees-a-geneve\/"},"author":{"name":"Vanessa","@id":"https:\/\/www.marelle-bio.com\/fr\/#\/schema\/person\/9119c533d28e414df6fb97f440c5f62d"},"headline":"Nos adresses pr\u00e9f\u00e9r\u00e9es \u00e0 Gen\u00e8ve","datePublished":"2023-06-15T11:28:29+00:00","dateModified":"2023-06-15T11:33:14+00:00","mainEntityOfPage":{"@id":"https:\/\/www.marelle-bio.com\/fr\/nos-adresses-preferees-a-geneve\/"},"wordCount":688,"publisher":{"@id":"https:\/\/www.marelle-bio.com\/fr\/#organization"},"inLanguage":"fr-FR"},{"@type":"WebPage","@id":"https:\/\/www.marelle-bio.com\/fr\/nos-adresses-preferees-a-geneve\/","url":"https:\/\/www.marelle-bio.com\/fr\/nos-adresses-preferees-a-geneve\/","name":"Nos adresses pr\u00e9f\u00e9r\u00e9es \u00e0 Gen\u00e8ve &#8226; Marelle","isPartOf":{"@id":"https:\/\/www.marelle-bio.com\/fr\/#website"},"datePublished":"2023-06-15T11:28:29+00:00","dateModified":"2023-06-15T11:33:14+00:00","breadcrumb":{"@id":"https:\/\/www.marelle-bio.com\/fr\/nos-adresses-preferees-a-geneve\/#breadcrumb"},"inLanguage":"fr-FR","potentialAction":[{"@type":"ReadAction","target":["https:\/\/www.marelle-bio.com\/fr\/nos-adresses-preferees-a-geneve\/"]}]},{"@type":"BreadcrumbList","@id":"https:\/\/www.marelle-bio.com\/fr\/nos-adresses-preferees-a-geneve\/#breadcrumb","itemListElement":[{"@type":"ListItem","position":1,"name":"Accueil","item":"https:\/\/www.marelle-bio.com\/fr\/"},{"@type":"ListItem","position":2,"name":"Nos adresses pr\u00e9f\u00e9r\u00e9es \u00e0 Gen\u00e8ve"}]},{"@type":"WebSite","@id":"https:\/\/www.marelle-bio.com\/fr\/#website","url":"https:\/\/www.marelle-bio.com\/fr\/","name":"Marelle","description":"Soins bio pour b\u00e9b\u00e9s et enfants","publisher":{"@id":"https:\/\/www.marelle-bio.com\/fr\/#organization"},"potentialAction":[{"@type":"SearchAction","target":{"@type":"EntryPoint","urlTemplate":"https:\/\/www.marelle-bio.com\/fr\/?s={search_term_string}"},"query-input":"required name=search_term_string"}],"inLanguage":"fr-FR"},{"@type":"Organization","@id":"https:\/\/www.marelle-bio.com\/fr\/#organization","name":"Marelle","url":"https:\/\/www.marelle-bio.com\/fr\/","logo":{"@type":"ImageObject","inLanguage":"fr-FR","@id":"https:\/\/www.marelle-bio.com\/fr\/#\/schema\/logo\/image\/","url":"https:\/\/www.marelle-bio.com\/wp-content\/uploads\/2019\/10\/logo.png","contentUrl":"https:\/\/www.marelle-bio.com\/wp-content\/uploads\/2019\/10\/logo.png","width":608,"height":295,"caption":"Marelle"},"image":{"@id":"https:\/\/www.marelle-bio.com\/fr\/#\/schema\/logo\/image\/"},"sameAs":["https:\/\/www.facebook.com\/marellebio\/","https:\/\/www.instagram.com\/marelle_bio\/"]},{"@type":"Person","@id":"https:\/\/www.marelle-bio.com\/fr\/#\/schema\/person\/9119c533d28e414df6fb97f440c5f62d","name":"Vanessa"}]}},"_links":{"self":[{"href":"https:\/\/www.marelle-bio.com\/fr\/wp-json\/wp\/v2\/posts\/72329"}],"collection":[{"href":"https:\/\/www.marelle-bio.com\/fr\/wp-json\/wp\/v2\/posts"}],"about":[{"href":"https:\/\/www.marelle-bio.com\/fr\/wp-json\/wp\/v2\/types\/post"}],"author":[{"embeddable":true,"href":"https:\/\/www.marelle-bio.com\/fr\/wp-json\/wp\/v2\/users\/9"}],"replies":[{"embeddable":true,"href":"https:\/\/www.marelle-bio.com\/fr\/wp-json\/wp\/v2\/comments?post=72329"}],"version-history":[{"count":16,"href":"https:\/\/www.marelle-bio.com\/fr\/wp-json\/wp\/v2\/posts\/72329\/revisions"}],"predecessor-version":[{"id":73064,"href":"https:\/\/www.marelle-bio.com\/fr\/wp-json\/wp\/v2\/posts\/72329\/revisions\/73064"}],"wp:featuredmedia":[{"embeddable":true,"href":"https:\/\/www.marelle-bio.com\/fr\/wp-json\/wp\/v2\/media\/72783"}],"wp:attachment":[{"href":"https:\/\/www.marelle-bio.com\/fr\/wp-json\/wp\/v2\/media?parent=72329"}],"curies":[{"name":"wp","href":"https:\/\/api.w.org\/{rel}","templated":true}]}}