{"id":21299,"date":"2021-03-23T16:35:55","date_gmt":"2021-03-23T15:35:55","guid":{"rendered":"https:\/\/www.marelle-bio.com\/?p=21299"},"modified":"2023-03-06T15:49:14","modified_gmt":"2023-03-06T14:49:14","slug":"dernier-shooting-photos-marelle-chez-montagne-alternative-behind-the-scenes","status":"publish","type":"post","link":"https:\/\/www.marelle-bio.com\/fr\/dernier-shooting-photos-marelle-chez-montagne-alternative-behind-the-scenes\/","title":{"rendered":"Dernier shooting photos Chez Montagne Alternative &#8211; l&#8217;envers du d\u00e9cor"},"content":{"rendered":"\n<p>Nous voulions vous parler de notre dernier shooting photos qui s\u2019est d\u00e9roul\u00e9 dans un lieu d\u2019exception comme nous les aimons&nbsp;!&nbsp;<\/p>\n\n\n\n<div class=\"wp-block-group\"><div class=\"wp-block-group__inner-container is-layout-flow wp-block-group-is-layout-flow\">\n<figure class=\"wp-block-gallery aligncenter columns-2 is-cropped wp-block-gallery-1 is-layout-flex wp-block-gallery-is-layout-flex\"><ul class=\"blocks-gallery-grid\"><li class=\"blocks-gallery-item\"><figure><img decoding=\"async\" loading=\"lazy\" width=\"683\" height=\"1024\" src=\"https:\/\/www.marelle-bio.com\/wp-content\/uploads\/2021\/03\/2702202140GenevaFamilyPhotographerandBloggerMarelle-1-683x1024.jpg\" alt=\"\" data-id=\"21307\" data-full-url=\"https:\/\/www.marelle-bio.com\/wp-content\/uploads\/2021\/03\/2702202140GenevaFamilyPhotographerandBloggerMarelle-1.jpg\" data-link=\"https:\/\/www.marelle-bio.com\/?attachment_id=21307\" class=\"wp-image-21307\" srcset=\"https:\/\/www.marelle-bio.com\/wp-content\/uploads\/2021\/03\/2702202140GenevaFamilyPhotographerandBloggerMarelle-1-683x1024.jpg 683w, https:\/\/www.marelle-bio.com\/wp-content\/uploads\/2021\/03\/2702202140GenevaFamilyPhotographerandBloggerMarelle-1-533x800.jpg 533w, https:\/\/www.marelle-bio.com\/wp-content\/uploads\/2021\/03\/2702202140GenevaFamilyPhotographerandBloggerMarelle-1-768x1152.jpg 768w, https:\/\/www.marelle-bio.com\/wp-content\/uploads\/2021\/03\/2702202140GenevaFamilyPhotographerandBloggerMarelle-1-300x450.jpg 300w, https:\/\/www.marelle-bio.com\/wp-content\/uploads\/2021\/03\/2702202140GenevaFamilyPhotographerandBloggerMarelle-1-600x900.jpg 600w, https:\/\/www.marelle-bio.com\/wp-content\/uploads\/2021\/03\/2702202140GenevaFamilyPhotographerandBloggerMarelle-1.jpg 1024w\" sizes=\"(max-width: 683px) 100vw, 683px\" \/><\/figure><\/li><li class=\"blocks-gallery-item\"><figure><img decoding=\"async\" loading=\"lazy\" width=\"683\" height=\"1024\" src=\"https:\/\/www.marelle-bio.com\/wp-content\/uploads\/2021\/03\/2702202141GenevaFamilyPhotographerandBloggerMarelle-1-683x1024.jpg\" alt=\"\" data-id=\"21309\" data-full-url=\"https:\/\/www.marelle-bio.com\/wp-content\/uploads\/2021\/03\/2702202141GenevaFamilyPhotographerandBloggerMarelle-1.jpg\" data-link=\"https:\/\/www.marelle-bio.com\/?attachment_id=21309\" class=\"wp-image-21309\" srcset=\"https:\/\/www.marelle-bio.com\/wp-content\/uploads\/2021\/03\/2702202141GenevaFamilyPhotographerandBloggerMarelle-1-683x1024.jpg 683w, https:\/\/www.marelle-bio.com\/wp-content\/uploads\/2021\/03\/2702202141GenevaFamilyPhotographerandBloggerMarelle-1-533x800.jpg 533w, https:\/\/www.marelle-bio.com\/wp-content\/uploads\/2021\/03\/2702202141GenevaFamilyPhotographerandBloggerMarelle-1-768x1152.jpg 768w, https:\/\/www.marelle-bio.com\/wp-content\/uploads\/2021\/03\/2702202141GenevaFamilyPhotographerandBloggerMarelle-1-300x450.jpg 300w, https:\/\/www.marelle-bio.com\/wp-content\/uploads\/2021\/03\/2702202141GenevaFamilyPhotographerandBloggerMarelle-1-600x900.jpg 600w, https:\/\/www.marelle-bio.com\/wp-content\/uploads\/2021\/03\/2702202141GenevaFamilyPhotographerandBloggerMarelle-1.jpg 1024w\" sizes=\"(max-width: 683px) 100vw, 683px\" \/><\/figure><\/li><\/ul><\/figure>\n<\/div><\/div>\n\n\n\n<p>Il s\u2019agit de Montagne Alternative \u00e0 Orsi\u00e8res en Suisse, situ\u00e9 au c\u0153ur du pays du Saint-Bernard en Valais, \u00e0 1 400m d\u2019altitude.&nbsp;<\/p>\n\n\n\n<p>Montagne Alternative propose des s\u00e9jours dans des granges centenaires situ\u00e9es \u00e0 flanc de montagne qui ont \u00e9t\u00e9 merveilleusement r\u00e9nov\u00e9es par un couple de belges passionn\u00e9s install\u00e9s en Suisse depuis longtemps, Alexia et Benoit.<\/p>\n\n\n\n<p>Un site authentique dans une nature spectaculaire qui d\u00e9voile toute sa splendeur depuis la floraison au printemps jusqu\u2019aux sublimes couleurs d\u2019automne. Au programme&nbsp;: randonn\u00e9es et d\u00e9couvertes de jardins botaniques l\u2019\u00e9t\u00e9&nbsp;; sentiers en raquettes, pistes de ski de fond et patinage sur les lacs gel\u00e9s en hiver.<\/p>\n\n\n\n<figure class=\"wp-block-gallery aligncenter columns-2 is-cropped wp-block-gallery-4 is-layout-flex wp-block-gallery-is-layout-flex\"><ul class=\"blocks-gallery-grid\"><li class=\"blocks-gallery-item\"><figure><img decoding=\"async\" loading=\"lazy\" width=\"683\" height=\"1024\" src=\"https:\/\/www.marelle-bio.com\/wp-content\/uploads\/2021\/03\/2702202142GenevaFamilyPhotographerandBloggerMarelle-683x1024.jpg\" alt=\"\" data-id=\"21322\" data-full-url=\"https:\/\/www.marelle-bio.com\/wp-content\/uploads\/2021\/03\/2702202142GenevaFamilyPhotographerandBloggerMarelle.jpg\" data-link=\"https:\/\/www.marelle-bio.com\/?attachment_id=21322\" class=\"wp-image-21322\" srcset=\"https:\/\/www.marelle-bio.com\/wp-content\/uploads\/2021\/03\/2702202142GenevaFamilyPhotographerandBloggerMarelle-683x1024.jpg 683w, https:\/\/www.marelle-bio.com\/wp-content\/uploads\/2021\/03\/2702202142GenevaFamilyPhotographerandBloggerMarelle-533x800.jpg 533w, https:\/\/www.marelle-bio.com\/wp-content\/uploads\/2021\/03\/2702202142GenevaFamilyPhotographerandBloggerMarelle-768x1152.jpg 768w, https:\/\/www.marelle-bio.com\/wp-content\/uploads\/2021\/03\/2702202142GenevaFamilyPhotographerandBloggerMarelle-300x450.jpg 300w, https:\/\/www.marelle-bio.com\/wp-content\/uploads\/2021\/03\/2702202142GenevaFamilyPhotographerandBloggerMarelle-600x900.jpg 600w, https:\/\/www.marelle-bio.com\/wp-content\/uploads\/2021\/03\/2702202142GenevaFamilyPhotographerandBloggerMarelle.jpg 1024w\" sizes=\"(max-width: 683px) 100vw, 683px\" \/><\/figure><\/li><li class=\"blocks-gallery-item\"><figure><img decoding=\"async\" loading=\"lazy\" width=\"683\" height=\"1024\" src=\"https:\/\/www.marelle-bio.com\/wp-content\/uploads\/2021\/03\/2702202185GenevaFamilyPhotographerandBloggerMarelle-683x1024.jpg\" alt=\"\" data-id=\"21324\" data-full-url=\"https:\/\/www.marelle-bio.com\/wp-content\/uploads\/2021\/03\/2702202185GenevaFamilyPhotographerandBloggerMarelle.jpg\" data-link=\"https:\/\/www.marelle-bio.com\/?attachment_id=21324\" class=\"wp-image-21324\" srcset=\"https:\/\/www.marelle-bio.com\/wp-content\/uploads\/2021\/03\/2702202185GenevaFamilyPhotographerandBloggerMarelle-683x1024.jpg 683w, https:\/\/www.marelle-bio.com\/wp-content\/uploads\/2021\/03\/2702202185GenevaFamilyPhotographerandBloggerMarelle-533x800.jpg 533w, https:\/\/www.marelle-bio.com\/wp-content\/uploads\/2021\/03\/2702202185GenevaFamilyPhotographerandBloggerMarelle-768x1152.jpg 768w, https:\/\/www.marelle-bio.com\/wp-content\/uploads\/2021\/03\/2702202185GenevaFamilyPhotographerandBloggerMarelle-300x450.jpg 300w, https:\/\/www.marelle-bio.com\/wp-content\/uploads\/2021\/03\/2702202185GenevaFamilyPhotographerandBloggerMarelle-600x900.jpg 600w, https:\/\/www.marelle-bio.com\/wp-content\/uploads\/2021\/03\/2702202185GenevaFamilyPhotographerandBloggerMarelle.jpg 1024w\" sizes=\"(max-width: 683px) 100vw, 683px\" \/><\/figure><\/li><\/ul><\/figure>\n\n\n\n<p>Laurianne, l\u2019accueillante gardienne des lieux, vous ouvrira les portes de ces granges centenaires ou chambres doubles \u00e0 l\u2019am\u00e9nagement \u00e9pur\u00e9 et contemporain, r\u00e9duit \u00e0 l\u2019essentiel.&nbsp;<\/p>\n\n\n\n<p>Le lieu jouit d\u2019un calme absolu et d\u2019une vue \u00e0 couper le souffle \u2013 id\u00e9al pour se ressourcer et vivre des moments hors du temps.<\/p>\n\n\n\n<div class=\"wp-block-image\"><figure class=\"aligncenter is-resized\"><img decoding=\"async\" loading=\"lazy\" src=\"https:\/\/www.marelle-bio.com\/wp-content\/uploads\/2021\/03\/2702202197GenevaFamilyPhotographerandBloggerMarelle.jpg\" alt=\"\" class=\"wp-image-21312\" width=\"588\" height=\"391\" srcset=\"https:\/\/www.marelle-bio.com\/wp-content\/uploads\/2021\/03\/2702202197GenevaFamilyPhotographerandBloggerMarelle.jpg 1024w, https:\/\/www.marelle-bio.com\/wp-content\/uploads\/2021\/03\/2702202197GenevaFamilyPhotographerandBloggerMarelle-800x534.jpg 800w, https:\/\/www.marelle-bio.com\/wp-content\/uploads\/2021\/03\/2702202197GenevaFamilyPhotographerandBloggerMarelle-768x512.jpg 768w, https:\/\/www.marelle-bio.com\/wp-content\/uploads\/2021\/03\/2702202197GenevaFamilyPhotographerandBloggerMarelle-300x200.jpg 300w, https:\/\/www.marelle-bio.com\/wp-content\/uploads\/2021\/03\/2702202197GenevaFamilyPhotographerandBloggerMarelle-600x400.jpg 600w\" sizes=\"(max-width: 588px) 100vw, 588px\" \/><\/figure><\/div>\n\n\n\n<p>Montagne Alternative propose des exp\u00e9riences \u00e0 vivre uniques telles qu\u2019une retraite avec le philosophe, sociologue et \u00e9crivain Fr\u00e9d\u00e9rique Lenoir sur le th\u00e8me du \u00ab&nbsp;partage des grands r\u00e9cits qui ont fa\u00e7onn\u00e9s l\u2019histoire de l\u2019humanit\u00e9&nbsp;\u00bb ou un stage \u00e0 la d\u00e9couverte des plantes sauvages et leurs usages traditionnels pour se nourrir et se soigner accompagn\u00e9 d\u2019un ethnobotaniste et cuisinier.<\/p>\n\n\n\n<p>Chez Montagne Alternative, le slow living prend tout son sens pour vivre un s\u00e9jour unique en symbiose parfaite avec la nature en s\u2019\u00e9levant \u00e0 la fois le corps et l\u2019esprit&nbsp;!<\/p>\n\n\n\n<div class=\"wp-block-image\"><figure class=\"aligncenter is-resized\"><img decoding=\"async\" loading=\"lazy\" src=\"https:\/\/www.marelle-bio.com\/wp-content\/uploads\/2021\/03\/27022021137GenevaFamilyPhotographerandBloggerMarelle.jpg\" alt=\"\" class=\"wp-image-21314\" width=\"592\" height=\"394\" srcset=\"https:\/\/www.marelle-bio.com\/wp-content\/uploads\/2021\/03\/27022021137GenevaFamilyPhotographerandBloggerMarelle.jpg 1024w, https:\/\/www.marelle-bio.com\/wp-content\/uploads\/2021\/03\/27022021137GenevaFamilyPhotographerandBloggerMarelle-800x534.jpg 800w, https:\/\/www.marelle-bio.com\/wp-content\/uploads\/2021\/03\/27022021137GenevaFamilyPhotographerandBloggerMarelle-768x512.jpg 768w, https:\/\/www.marelle-bio.com\/wp-content\/uploads\/2021\/03\/27022021137GenevaFamilyPhotographerandBloggerMarelle-300x200.jpg 300w, https:\/\/www.marelle-bio.com\/wp-content\/uploads\/2021\/03\/27022021137GenevaFamilyPhotographerandBloggerMarelle-600x400.jpg 600w\" sizes=\"(max-width: 592px) 100vw, 592px\" \/><\/figure><\/div>\n\n\n\n<p>Merci \u00e0 toute l\u2019\u00e9quipe de Montagne Alternative de nous avoir ouvert les portes de ce lieu magique le temps d\u2019un shooting photo&nbsp;! Nous avons h\u00e2te d\u2019y retourner&nbsp;!<\/p>\n\n\n\n<p><a href=\"http:\/\/www.montagne-alternative.com\">www.montagne-alternative.com<\/a><\/p>\n\n\n\n<p>Montagne Alternative &#8211; Commeires 50, 1937 Orsi\u00e8res, Suisse. Tel: +41 79 843 6165<\/p>\n\n\n\n<p>Photos by Marta Villacampa &#8211; <a href=\"http:\/\/www.lensandsensibility.com\">www.lensandsensibility.com<\/a><\/p>\n\n\n\n<p><\/p>\n","protected":false},"excerpt":{"rendered":"<p>Nous voulions vous parler de notre dernier shooting photos qui s\u2019est d\u00e9roul\u00e9 dans un lieu d\u2019exception comme nous les aimons&nbsp;!&nbsp; Il s\u2019agit de Montagne Alternative (&#8230;)<\/p>\n","protected":false},"author":9,"featured_media":21320,"comment_status":"closed","ping_status":"open","sticky":false,"template":"","format":"standard","meta":{"footnotes":""},"acf":[],"yoast_head":"<!-- This site is optimized with the Yoast SEO plugin v21.2 - https:\/\/yoast.com\/wordpress\/plugins\/seo\/ -->\n<title>Dernier shooting photos Chez Montagne Alternative - l&#039;envers du d\u00e9cor &#8226; Marelle<\/title>\n<meta name=\"robots\" content=\"index, follow, max-snippet:-1, max-image-preview:large, max-video-preview:-1\" \/>\n<link rel=\"canonical\" href=\"https:\/\/www.marelle-bio.com\/fr\/dernier-shooting-photos-marelle-chez-montagne-alternative-behind-the-scenes\/\" \/>\n<meta property=\"og:locale\" content=\"fr_FR\" \/>\n<meta property=\"og:type\" content=\"article\" \/>\n<meta property=\"og:title\" content=\"Dernier shooting photos Chez Montagne Alternative - l&#039;envers du d\u00e9cor &#8226; Marelle\" \/>\n<meta property=\"og:description\" content=\"Nous voulions vous parler de notre dernier shooting photos qui s\u2019est d\u00e9roul\u00e9 dans un lieu d\u2019exception comme nous les aimons&nbsp;!&nbsp; Il s\u2019agit de Montagne Alternative (...)\" \/>\n<meta property=\"og:url\" content=\"https:\/\/www.marelle-bio.com\/fr\/dernier-shooting-photos-marelle-chez-montagne-alternative-behind-the-scenes\/\" \/>\n<meta property=\"og:site_name\" content=\"Marelle\" \/>\n<meta property=\"article:publisher\" content=\"https:\/\/www.facebook.com\/marellebio\/\" \/>\n<meta property=\"article:published_time\" content=\"2021-03-23T15:35:55+00:00\" \/>\n<meta property=\"article:modified_time\" content=\"2023-03-06T14:49:14+00:00\" \/>\n<meta property=\"og:image\" content=\"https:\/\/www.marelle-bio.com\/wp-content\/uploads\/2021\/03\/fullsizeoutput_390b-scaled.jpeg\" \/>\n\t<meta property=\"og:image:width\" content=\"2048\" \/>\n\t<meta property=\"og:image:height\" content=\"969\" \/>\n\t<meta property=\"og:image:type\" content=\"image\/jpeg\" \/>\n<meta name=\"author\" content=\"Vanessa\" \/>\n<meta name=\"twitter:card\" content=\"summary_large_image\" \/>\n<meta name=\"twitter:label1\" content=\"\u00c9crit par\" \/>\n\t<meta name=\"twitter:data1\" content=\"Vanessa\" \/>\n\t<meta name=\"twitter:label2\" content=\"Dur\u00e9e de lecture estim\u00e9e\" \/>\n\t<meta name=\"twitter:data2\" content=\"2 minutes\" \/>\n<script type=\"application\/ld+json\" class=\"yoast-schema-graph\">{\"@context\":\"https:\/\/schema.org\",\"@graph\":[{\"@type\":\"Article\",\"@id\":\"https:\/\/www.marelle-bio.com\/fr\/dernier-shooting-photos-marelle-chez-montagne-alternative-behind-the-scenes\/#article\",\"isPartOf\":{\"@id\":\"https:\/\/www.marelle-bio.com\/fr\/dernier-shooting-photos-marelle-chez-montagne-alternative-behind-the-scenes\/\"},\"author\":{\"name\":\"Vanessa\",\"@id\":\"https:\/\/www.marelle-bio.com\/fr\/#\/schema\/person\/9119c533d28e414df6fb97f440c5f62d\"},\"headline\":\"Dernier shooting photos Chez Montagne Alternative &#8211; l&#8217;envers du d\u00e9cor\",\"datePublished\":\"2021-03-23T15:35:55+00:00\",\"dateModified\":\"2023-03-06T14:49:14+00:00\",\"mainEntityOfPage\":{\"@id\":\"https:\/\/www.marelle-bio.com\/fr\/dernier-shooting-photos-marelle-chez-montagne-alternative-behind-the-scenes\/\"},\"wordCount\":361,\"publisher\":{\"@id\":\"https:\/\/www.marelle-bio.com\/fr\/#organization\"},\"inLanguage\":\"fr-FR\"},{\"@type\":\"WebPage\",\"@id\":\"https:\/\/www.marelle-bio.com\/fr\/dernier-shooting-photos-marelle-chez-montagne-alternative-behind-the-scenes\/\",\"url\":\"https:\/\/www.marelle-bio.com\/fr\/dernier-shooting-photos-marelle-chez-montagne-alternative-behind-the-scenes\/\",\"name\":\"Dernier shooting photos Chez Montagne Alternative - l'envers du d\u00e9cor &#8226; Marelle\",\"isPartOf\":{\"@id\":\"https:\/\/www.marelle-bio.com\/fr\/#website\"},\"datePublished\":\"2021-03-23T15:35:55+00:00\",\"dateModified\":\"2023-03-06T14:49:14+00:00\",\"breadcrumb\":{\"@id\":\"https:\/\/www.marelle-bio.com\/fr\/dernier-shooting-photos-marelle-chez-montagne-alternative-behind-the-scenes\/#breadcrumb\"},\"inLanguage\":\"fr-FR\",\"potentialAction\":[{\"@type\":\"ReadAction\",\"target\":[\"https:\/\/www.marelle-bio.com\/fr\/dernier-shooting-photos-marelle-chez-montagne-alternative-behind-the-scenes\/\"]}]},{\"@type\":\"BreadcrumbList\",\"@id\":\"https:\/\/www.marelle-bio.com\/fr\/dernier-shooting-photos-marelle-chez-montagne-alternative-behind-the-scenes\/#breadcrumb\",\"itemListElement\":[{\"@type\":\"ListItem\",\"position\":1,\"name\":\"Accueil\",\"item\":\"https:\/\/www.marelle-bio.com\/fr\/\"},{\"@type\":\"ListItem\",\"position\":2,\"name\":\"Dernier shooting photos Chez Montagne Alternative &#8211; l&#8217;envers du d\u00e9cor\"}]},{\"@type\":\"WebSite\",\"@id\":\"https:\/\/www.marelle-bio.com\/fr\/#website\",\"url\":\"https:\/\/www.marelle-bio.com\/fr\/\",\"name\":\"Marelle\",\"description\":\"Soins bio pour b\u00e9b\u00e9s et enfants\",\"publisher\":{\"@id\":\"https:\/\/www.marelle-bio.com\/fr\/#organization\"},\"potentialAction\":[{\"@type\":\"SearchAction\",\"target\":{\"@type\":\"EntryPoint\",\"urlTemplate\":\"https:\/\/www.marelle-bio.com\/fr\/?s={search_term_string}\"},\"query-input\":\"required name=search_term_string\"}],\"inLanguage\":\"fr-FR\"},{\"@type\":\"Organization\",\"@id\":\"https:\/\/www.marelle-bio.com\/fr\/#organization\",\"name\":\"Marelle\",\"url\":\"https:\/\/www.marelle-bio.com\/fr\/\",\"logo\":{\"@type\":\"ImageObject\",\"inLanguage\":\"fr-FR\",\"@id\":\"https:\/\/www.marelle-bio.com\/fr\/#\/schema\/logo\/image\/\",\"url\":\"https:\/\/www.marelle-bio.com\/wp-content\/uploads\/2019\/10\/logo.png\",\"contentUrl\":\"https:\/\/www.marelle-bio.com\/wp-content\/uploads\/2019\/10\/logo.png\",\"width\":608,\"height\":295,\"caption\":\"Marelle\"},\"image\":{\"@id\":\"https:\/\/www.marelle-bio.com\/fr\/#\/schema\/logo\/image\/\"},\"sameAs\":[\"https:\/\/www.facebook.com\/marellebio\/\",\"https:\/\/www.instagram.com\/marelle_bio\/\"]},{\"@type\":\"Person\",\"@id\":\"https:\/\/www.marelle-bio.com\/fr\/#\/schema\/person\/9119c533d28e414df6fb97f440c5f62d\",\"name\":\"Vanessa\"}]}<\/script>\n<!-- \/ Yoast SEO plugin. -->","yoast_head_json":{"title":"Dernier shooting photos Chez Montagne Alternative - l'envers du d\u00e9cor &#8226; Marelle","robots":{"index":"index","follow":"follow","max-snippet":"max-snippet:-1","max-image-preview":"max-image-preview:large","max-video-preview":"max-video-preview:-1"},"canonical":"https:\/\/www.marelle-bio.com\/fr\/dernier-shooting-photos-marelle-chez-montagne-alternative-behind-the-scenes\/","og_locale":"fr_FR","og_type":"article","og_title":"Dernier shooting photos Chez Montagne Alternative - l'envers du d\u00e9cor &#8226; Marelle","og_description":"Nous voulions vous parler de notre dernier shooting photos qui s\u2019est d\u00e9roul\u00e9 dans un lieu d\u2019exception comme nous les aimons&nbsp;!&nbsp; Il s\u2019agit de Montagne Alternative (...)","og_url":"https:\/\/www.marelle-bio.com\/fr\/dernier-shooting-photos-marelle-chez-montagne-alternative-behind-the-scenes\/","og_site_name":"Marelle","article_publisher":"https:\/\/www.facebook.com\/marellebio\/","article_published_time":"2021-03-23T15:35:55+00:00","article_modified_time":"2023-03-06T14:49:14+00:00","og_image":[{"width":2048,"height":969,"url":"https:\/\/www.marelle-bio.com\/wp-content\/uploads\/2021\/03\/fullsizeoutput_390b-scaled.jpeg","type":"image\/jpeg"}],"author":"Vanessa","twitter_card":"summary_large_image","twitter_misc":{"\u00c9crit par":"Vanessa","Dur\u00e9e de lecture estim\u00e9e":"2 minutes"},"schema":{"@context":"https:\/\/schema.org","@graph":[{"@type":"Article","@id":"https:\/\/www.marelle-bio.com\/fr\/dernier-shooting-photos-marelle-chez-montagne-alternative-behind-the-scenes\/#article","isPartOf":{"@id":"https:\/\/www.marelle-bio.com\/fr\/dernier-shooting-photos-marelle-chez-montagne-alternative-behind-the-scenes\/"},"author":{"name":"Vanessa","@id":"https:\/\/www.marelle-bio.com\/fr\/#\/schema\/person\/9119c533d28e414df6fb97f440c5f62d"},"headline":"Dernier shooting photos Chez Montagne Alternative &#8211; l&#8217;envers du d\u00e9cor","datePublished":"2021-03-23T15:35:55+00:00","dateModified":"2023-03-06T14:49:14+00:00","mainEntityOfPage":{"@id":"https:\/\/www.marelle-bio.com\/fr\/dernier-shooting-photos-marelle-chez-montagne-alternative-behind-the-scenes\/"},"wordCount":361,"publisher":{"@id":"https:\/\/www.marelle-bio.com\/fr\/#organization"},"inLanguage":"fr-FR"},{"@type":"WebPage","@id":"https:\/\/www.marelle-bio.com\/fr\/dernier-shooting-photos-marelle-chez-montagne-alternative-behind-the-scenes\/","url":"https:\/\/www.marelle-bio.com\/fr\/dernier-shooting-photos-marelle-chez-montagne-alternative-behind-the-scenes\/","name":"Dernier shooting photos Chez Montagne Alternative - l'envers du d\u00e9cor &#8226; Marelle","isPartOf":{"@id":"https:\/\/www.marelle-bio.com\/fr\/#website"},"datePublished":"2021-03-23T15:35:55+00:00","dateModified":"2023-03-06T14:49:14+00:00","breadcrumb":{"@id":"https:\/\/www.marelle-bio.com\/fr\/dernier-shooting-photos-marelle-chez-montagne-alternative-behind-the-scenes\/#breadcrumb"},"inLanguage":"fr-FR","potentialAction":[{"@type":"ReadAction","target":["https:\/\/www.marelle-bio.com\/fr\/dernier-shooting-photos-marelle-chez-montagne-alternative-behind-the-scenes\/"]}]},{"@type":"BreadcrumbList","@id":"https:\/\/www.marelle-bio.com\/fr\/dernier-shooting-photos-marelle-chez-montagne-alternative-behind-the-scenes\/#breadcrumb","itemListElement":[{"@type":"ListItem","position":1,"name":"Accueil","item":"https:\/\/www.marelle-bio.com\/fr\/"},{"@type":"ListItem","position":2,"name":"Dernier shooting photos Chez Montagne Alternative &#8211; l&#8217;envers du d\u00e9cor"}]},{"@type":"WebSite","@id":"https:\/\/www.marelle-bio.com\/fr\/#website","url":"https:\/\/www.marelle-bio.com\/fr\/","name":"Marelle","description":"Soins bio pour b\u00e9b\u00e9s et enfants","publisher":{"@id":"https:\/\/www.marelle-bio.com\/fr\/#organization"},"potentialAction":[{"@type":"SearchAction","target":{"@type":"EntryPoint","urlTemplate":"https:\/\/www.marelle-bio.com\/fr\/?s={search_term_string}"},"query-input":"required name=search_term_string"}],"inLanguage":"fr-FR"},{"@type":"Organization","@id":"https:\/\/www.marelle-bio.com\/fr\/#organization","name":"Marelle","url":"https:\/\/www.marelle-bio.com\/fr\/","logo":{"@type":"ImageObject","inLanguage":"fr-FR","@id":"https:\/\/www.marelle-bio.com\/fr\/#\/schema\/logo\/image\/","url":"https:\/\/www.marelle-bio.com\/wp-content\/uploads\/2019\/10\/logo.png","contentUrl":"https:\/\/www.marelle-bio.com\/wp-content\/uploads\/2019\/10\/logo.png","width":608,"height":295,"caption":"Marelle"},"image":{"@id":"https:\/\/www.marelle-bio.com\/fr\/#\/schema\/logo\/image\/"},"sameAs":["https:\/\/www.facebook.com\/marellebio\/","https:\/\/www.instagram.com\/marelle_bio\/"]},{"@type":"Person","@id":"https:\/\/www.marelle-bio.com\/fr\/#\/schema\/person\/9119c533d28e414df6fb97f440c5f62d","name":"Vanessa"}]}},"_links":{"self":[{"href":"https:\/\/www.marelle-bio.com\/fr\/wp-json\/wp\/v2\/posts\/21299"}],"collection":[{"href":"https:\/\/www.marelle-bio.com\/fr\/wp-json\/wp\/v2\/posts"}],"about":[{"href":"https:\/\/www.marelle-bio.com\/fr\/wp-json\/wp\/v2\/types\/post"}],"author":[{"embeddable":true,"href":"https:\/\/www.marelle-bio.com\/fr\/wp-json\/wp\/v2\/users\/9"}],"replies":[{"embeddable":true,"href":"https:\/\/www.marelle-bio.com\/fr\/wp-json\/wp\/v2\/comments?post=21299"}],"version-history":[{"count":12,"href":"https:\/\/www.marelle-bio.com\/fr\/wp-json\/wp\/v2\/posts\/21299\/revisions"}],"predecessor-version":[{"id":30317,"href":"https:\/\/www.marelle-bio.com\/fr\/wp-json\/wp\/v2\/posts\/21299\/revisions\/30317"}],"wp:featuredmedia":[{"embeddable":true,"href":"https:\/\/www.marelle-bio.com\/fr\/wp-json\/wp\/v2\/media\/21320"}],"wp:attachment":[{"href":"https:\/\/www.marelle-bio.com\/fr\/wp-json\/wp\/v2\/media?parent=21299"}],"curies":[{"name":"wp","href":"https:\/\/api.w.org\/{rel}","templated":true}]}}