{"id":5964,"date":"2020-05-14T16:56:06","date_gmt":"2020-05-14T14:56:06","guid":{"rendered":"https:\/\/www.marelle-bio.com\/?p=5964"},"modified":"2023-10-12T17:11:35","modified_gmt":"2023-10-12T15:11:35","slug":"nuage-marelles-first-point-of-sale","status":"publish","type":"post","link":"https:\/\/www.marelle-bio.com\/en\/nuage-marelles-first-point-of-sale\/","title":{"rendered":"Nuage, Marelle&#8217;s first point of sale"},"content":{"rendered":"\n<p>On n\u2019oublie jamais son premier point de vente, ni les personnes qui ont \u00e9t\u00e9 les premi\u00e8res \u00e0 vous faire confiance\u00a0!<\/p>\n\n<p>Nuage est une magnifique boutique pour enfants remplie de r\u00eave et de po\u00e9sie, situ\u00e9e dans la jolie rue Marterey \u00e0 Lausanne. Les fondatrices sont deux copines, Diane et Caroline, qui ont \u00e0 elle deux neufs enfants\u00a0! C\u2019est dire \u00e0 quel point elles connaissent l\u2019univers des petits\u2026<\/p>\n\n<p>Voici leur interview.<\/p>\n\n<div class=\"wp-block-image\"><figure class=\"aligncenter is-resized\"><img decoding=\"async\" loading=\"lazy\" src=\"https:\/\/www.marelle-bio.com\/wp-content\/uploads\/2020\/05\/Marelle-soins-bio-bebes-et-enfants-boutique-Nuage-9-1024x702.jpg\" alt=\"Marelle soins bio bebes et enfants boutique Nuage Diane et Caroline\" class=\"wp-image-5915\" width=\"586\" height=\"401\" srcset=\"https:\/\/www.marelle-bio.com\/wp-content\/uploads\/2020\/05\/Marelle-soins-bio-bebes-et-enfants-boutique-Nuage-9-1024x702.jpg 1024w, https:\/\/www.marelle-bio.com\/wp-content\/uploads\/2020\/05\/Marelle-soins-bio-bebes-et-enfants-boutique-Nuage-9-800x548.jpg 800w, https:\/\/www.marelle-bio.com\/wp-content\/uploads\/2020\/05\/Marelle-soins-bio-bebes-et-enfants-boutique-Nuage-9-768x526.jpg 768w, https:\/\/www.marelle-bio.com\/wp-content\/uploads\/2020\/05\/Marelle-soins-bio-bebes-et-enfants-boutique-Nuage-9-1536x1053.jpg 1536w, https:\/\/www.marelle-bio.com\/wp-content\/uploads\/2020\/05\/Marelle-soins-bio-bebes-et-enfants-boutique-Nuage-9-scaled.jpg 2048w, https:\/\/www.marelle-bio.com\/wp-content\/uploads\/2020\/05\/Marelle-soins-bio-bebes-et-enfants-boutique-Nuage-9-2000x1371.jpg 2000w, https:\/\/www.marelle-bio.com\/wp-content\/uploads\/2020\/05\/Marelle-soins-bio-bebes-et-enfants-boutique-Nuage-9-300x206.jpg 300w, https:\/\/www.marelle-bio.com\/wp-content\/uploads\/2020\/05\/Marelle-soins-bio-bebes-et-enfants-boutique-Nuage-9-600x411.jpg 600w\" sizes=\"(max-width: 586px) 100vw, 586px\" \/><figcaption><em>Diane et Caroline, les fondatrices de la boutique Nuage \u00e0 Lausanne<\/em><\/figcaption><\/figure><\/div>\n\n<ul><li><strong>Quelle \u00e9tait votre id\u00e9e derri\u00e8re la cr\u00e9ation de ce concept store \u00e0 Lausanne\u00a0?<\/strong><\/li><\/ul>\n\n<p>Il y a 5 ans, nos enfants \u00e9taient encore petits ou pr\u00e9-ados. Nous avions pris l\u2019habitude d\u2019\u00e9changer les v\u00eatements de nos enfants parce que nous trouvions que le choix de v\u00eatements et accessoires pour bien habiller nos enfants \u00e0 un prix abordable \u00e9tait tr\u00e8s limit\u00e9 \u00e0 Lausanne. Aucun des petits cr\u00e9ateurs abordables du moment, en particulier fran\u00e7ais, n\u2019\u00e9tait pr\u00e9sent \u00e0 Lausanne et nous trouvions cette situation vraiment regrettable. En dehors des grandes chaines internationales pour les pi\u00e8ces basiques et les franchises bien connues, m\u00eame trop connues et dont on finit par se lasser, il n\u2019y avait pas grand-chose. M\u00eame chose pour les jouets et accessoires, il \u00e9tait difficile de trouver des articles qui soient \u00e0 la fois originaux, un peu fantaisistes mais de qualit\u00e9. C\u2019est de ce constat et de ce manque qu\u2019est n\u00e9e l\u2019id\u00e9e de d\u00e9marrer Nuage.<\/p>\n\n<figure class=\"wp-block-gallery aligncenter columns-2 wp-block-gallery-1 is-layout-flex wp-block-gallery-is-layout-flex\"><ul class=\"blocks-gallery-grid\"><li class=\"blocks-gallery-item\"><figure><img decoding=\"async\" loading=\"lazy\" width=\"683\" height=\"1024\" src=\"https:\/\/www.marelle-bio.com\/wp-content\/uploads\/2020\/05\/Marelle-soins-bio-bebes-et-enfants-boutique-Nuage-1-683x1024.jpg\" alt=\"Marelle soins bio bebes et enfants boutique Nuage 1\" data-id=\"5929\" data-full-url=\"https:\/\/www.marelle-bio.com\/wp-content\/uploads\/2020\/05\/Marelle-soins-bio-bebes-et-enfants-boutique-Nuage-1-scaled.jpg\" data-link=\"https:\/\/www.marelle-bio.com\/?attachment_id=5929\" class=\"wp-image-5929\" srcset=\"https:\/\/www.marelle-bio.com\/wp-content\/uploads\/2020\/05\/Marelle-soins-bio-bebes-et-enfants-boutique-Nuage-1-683x1024.jpg 683w, https:\/\/www.marelle-bio.com\/wp-content\/uploads\/2020\/05\/Marelle-soins-bio-bebes-et-enfants-boutique-Nuage-1-533x800.jpg 533w, https:\/\/www.marelle-bio.com\/wp-content\/uploads\/2020\/05\/Marelle-soins-bio-bebes-et-enfants-boutique-Nuage-1-768x1152.jpg 768w, https:\/\/www.marelle-bio.com\/wp-content\/uploads\/2020\/05\/Marelle-soins-bio-bebes-et-enfants-boutique-Nuage-1-1024x1536.jpg 1024w, https:\/\/www.marelle-bio.com\/wp-content\/uploads\/2020\/05\/Marelle-soins-bio-bebes-et-enfants-boutique-Nuage-1-scaled.jpg 1365w, https:\/\/www.marelle-bio.com\/wp-content\/uploads\/2020\/05\/Marelle-soins-bio-bebes-et-enfants-boutique-Nuage-1-2000x3000.jpg 2000w, https:\/\/www.marelle-bio.com\/wp-content\/uploads\/2020\/05\/Marelle-soins-bio-bebes-et-enfants-boutique-Nuage-1-300x450.jpg 300w, https:\/\/www.marelle-bio.com\/wp-content\/uploads\/2020\/05\/Marelle-soins-bio-bebes-et-enfants-boutique-Nuage-1-600x900.jpg 600w\" sizes=\"(max-width: 683px) 100vw, 683px\" \/><\/figure><\/li><li class=\"blocks-gallery-item\"><figure><img decoding=\"async\" loading=\"lazy\" width=\"683\" height=\"1024\" src=\"https:\/\/www.marelle-bio.com\/wp-content\/uploads\/2020\/05\/Marelle-soins-bio-bebes-et-enfants-boutique-Nuage-5-683x1024.jpg\" alt=\"Marelle soins bio bebes et enfants boutique Nuage 5\" data-id=\"5921\" data-full-url=\"https:\/\/www.marelle-bio.com\/wp-content\/uploads\/2020\/05\/Marelle-soins-bio-bebes-et-enfants-boutique-Nuage-5-scaled.jpg\" data-link=\"https:\/\/www.marelle-bio.com\/?attachment_id=5921\" class=\"wp-image-5921\" srcset=\"https:\/\/www.marelle-bio.com\/wp-content\/uploads\/2020\/05\/Marelle-soins-bio-bebes-et-enfants-boutique-Nuage-5-683x1024.jpg 683w, https:\/\/www.marelle-bio.com\/wp-content\/uploads\/2020\/05\/Marelle-soins-bio-bebes-et-enfants-boutique-Nuage-5-533x800.jpg 533w, https:\/\/www.marelle-bio.com\/wp-content\/uploads\/2020\/05\/Marelle-soins-bio-bebes-et-enfants-boutique-Nuage-5-768x1152.jpg 768w, https:\/\/www.marelle-bio.com\/wp-content\/uploads\/2020\/05\/Marelle-soins-bio-bebes-et-enfants-boutique-Nuage-5-1024x1536.jpg 1024w, https:\/\/www.marelle-bio.com\/wp-content\/uploads\/2020\/05\/Marelle-soins-bio-bebes-et-enfants-boutique-Nuage-5-scaled.jpg 1365w, https:\/\/www.marelle-bio.com\/wp-content\/uploads\/2020\/05\/Marelle-soins-bio-bebes-et-enfants-boutique-Nuage-5-2000x3000.jpg 2000w, https:\/\/www.marelle-bio.com\/wp-content\/uploads\/2020\/05\/Marelle-soins-bio-bebes-et-enfants-boutique-Nuage-5-300x450.jpg 300w, https:\/\/www.marelle-bio.com\/wp-content\/uploads\/2020\/05\/Marelle-soins-bio-bebes-et-enfants-boutique-Nuage-5-600x900.jpg 600w\" sizes=\"(max-width: 683px) 100vw, 683px\" \/><\/figure><\/li><\/ul><figcaption class=\"blocks-gallery-caption\"><em>Une s\u00e9lection pointue de jolies marques de Cr\u00e9ateurs<\/em><\/figcaption><\/figure>\n\n<ul><li><strong>Comment s\u00e9lectionnez-vous les marques que vous distribuez\u00a0?<\/strong><\/li><\/ul>\n\n<p>Elles doivent proposer de jolies pi\u00e8ces \u00e0 la fois actuelles, originales mais pas trop extravagantes non plus, de qualit\u00e9 et abordables. Les pi\u00e8ces basiques ne nous int\u00e9ressent plus car nos clients les ach\u00e8tent ailleurs. Ils viennent chez nous pour les pi\u00e8ces qu\u2019ils savent qu\u2019ils ne trouveront pas ailleurs. Quant aux accessoires, ils viennent choisir le cadeau d\u2019anniversaire qui fera plaisir \u00e0 coup s\u00fbr et qui n\u2019est ni une bo\u00eete de Lego ni des Playmobil. Notre s\u00e9lection de marques n\u2019est pas fig\u00e9e. Elle \u00e9volue en fonction des opportunit\u00e9s et des rencontres que nous faisons par hasard, par connaissances ou sur des salons professionnels.<\/p>\n\n<ul><li><strong>Pourquoi avoir choisi Marelle\u00a0?<\/strong><\/li><\/ul>\n\n<p>Les produits de soin Marelle correspondent parfaitement \u00e0 l\u2019environnement de Nuage! Des produits simples, beaux et de qualit\u00e9. On sent aussi chez nos clients une r\u00e9elle demande de produits authentiques, fabriqu\u00e9s localement, avec une certification biologique.<\/p>\n\n<div class=\"wp-block-image\"><figure class=\"aligncenter size-large is-resized\"><img decoding=\"async\" loading=\"lazy\" src=\"https:\/\/www.marelle-bio.com\/wp-content\/uploads\/2020\/05\/Marelle-soin-bio-bebes-et-enfants-boutique-Nuage-7-1024x760.jpg\" alt=\"Marelle soins bio b&#xE9;b&#xE9; set enfants boutique Nuage 7\" class=\"wp-image-5934\" width=\"545\" height=\"403\" srcset=\"https:\/\/www.marelle-bio.com\/wp-content\/uploads\/2020\/05\/Marelle-soin-bio-bebes-et-enfants-boutique-Nuage-7-1024x760.jpg 1024w, https:\/\/www.marelle-bio.com\/wp-content\/uploads\/2020\/05\/Marelle-soin-bio-bebes-et-enfants-boutique-Nuage-7-768x570.jpg 768w, https:\/\/www.marelle-bio.com\/wp-content\/uploads\/2020\/05\/Marelle-soin-bio-bebes-et-enfants-boutique-Nuage-7-1536x1140.jpg 1536w, https:\/\/www.marelle-bio.com\/wp-content\/uploads\/2020\/05\/Marelle-soin-bio-bebes-et-enfants-boutique-Nuage-7-300x223.jpg 300w, https:\/\/www.marelle-bio.com\/wp-content\/uploads\/2020\/05\/Marelle-soin-bio-bebes-et-enfants-boutique-Nuage-7-600x445.jpg 600w\" sizes=\"(max-width: 545px) 100vw, 545px\" \/><figcaption><em>Les soins Marelle chez Nuage<\/em><\/figcaption><\/figure><\/div>\n\n<ul><li><strong>Quelles sont vos adresses kids friendly f\u00e9tiches \u00e0 Lausanne\u00a0?<\/strong><\/li><\/ul>\n\n<p>Le Mus\u00e9e Olympique et son Tom\u2019s Caf\u00e9, l\u2019Espace des Inventions \u00e0 la Vall\u00e9e de la Jeunesse, les ateliers du Mus\u00e9e de l\u2019Alimentarium \u00e0 Vevey, le Zoo Burger rue Marterey ou \u00e0 Montchoisi, le Da Carlo qui offre un large choix de plats pour que chacun y trouve son compte. Nos enfants adorent tous ces endroits!<\/p>\n\n<ul><li><strong>Quelles sont les activit\u00e9s pr\u00e9f\u00e9r\u00e9es de vos kids \u00e0 Lausanne\u00a0?<\/strong><\/li><\/ul>\n\n<p>Pique-niquer au Parc Montrepos, se baigner, faire du paddle ou des ricochets sur le lac, faire du v\u00e9lo, du roller ou de la trottinette au bord du lac \u00e0 Pully, Paudex, Lutry ou Vidy, se balader en for\u00eat au Chalet \u00e0 Gobet ou dans les vignes \u00e0 Epesses dans la magnifique r\u00e9gion du Lavaux, class\u00e9e au patrimoine mondial de l&#8217;UNESCO.<\/p>\n\n<ul><li><strong>Comment faites-vous pour concilier vie de maman et vie d\u2019entrepreneur\u00a0?<\/strong><\/li><\/ul>\n\n<p>Nous sommes deux donc nous nous r\u00e9partissons la semaine \u00e0 raison de deux\/trois jours par semaine chacune \u00e0 la boutique et nous nous faisons aider ponctuellement par des stagiaires. A c\u00f4t\u00e9 de cela, nous passons bien s\u00fbr du temps \u00e0 travailler depuis chez nous sur les commandes, l\u2019administratif, la comptabilit\u00e9, la mise \u00e0 jour de l\u2019e-shop. Nos journ\u00e9es sont certes bien remplies mais quand on prend plaisir \u00e0 ce qu\u2019on fait, on trouve toujours le moyen de tout caser dans une journ\u00e9e. Et nos familles ont l\u2019habitude de nous voir tr\u00e8s actives\u00a0!<\/p>\n\n<p><a href=\"http:\/\/www.nuagelausanne.ch\">www.nuagelausanne.ch<\/a><\/p>\n","protected":false},"excerpt":{"rendered":"<p>On n\u2019oublie jamais son premier point de vente, ni les personnes qui ont \u00e9t\u00e9 les premi\u00e8res \u00e0 vous faire confiance\u00a0! Nuage est une magnifique boutique (&#8230;)<\/p>\n","protected":false},"author":9,"featured_media":5994,"comment_status":"closed","ping_status":"open","sticky":false,"template":"","format":"standard","meta":{"footnotes":""},"acf":[],"yoast_head":"<!-- This site is optimized with the Yoast SEO plugin v21.2 - https:\/\/yoast.com\/wordpress\/plugins\/seo\/ -->\n<title>Nuage, Marelle&#039;s first point of sale &#8226; Marelle<\/title>\n<meta name=\"robots\" content=\"index, follow, max-snippet:-1, max-image-preview:large, max-video-preview:-1\" \/>\n<link rel=\"canonical\" href=\"https:\/\/www.marelle-bio.com\/en\/nuage-marelles-first-point-of-sale\/\" \/>\n<meta property=\"og:locale\" content=\"en_US\" \/>\n<meta property=\"og:type\" content=\"article\" \/>\n<meta property=\"og:title\" content=\"Nuage, Marelle&#039;s first point of sale &#8226; Marelle\" \/>\n<meta property=\"og:description\" content=\"On n\u2019oublie jamais son premier point de vente, ni les personnes qui ont \u00e9t\u00e9 les premi\u00e8res \u00e0 vous faire confiance\u00a0! Nuage est une magnifique boutique (...)\" \/>\n<meta property=\"og:url\" content=\"https:\/\/www.marelle-bio.com\/en\/nuage-marelles-first-point-of-sale\/\" \/>\n<meta property=\"og:site_name\" content=\"Marelle\" \/>\n<meta property=\"article:publisher\" content=\"https:\/\/www.facebook.com\/marellebio\/\" \/>\n<meta property=\"article:published_time\" content=\"2020-05-14T14:56:06+00:00\" \/>\n<meta property=\"article:modified_time\" content=\"2023-10-12T15:11:35+00:00\" \/>\n<meta property=\"og:image\" content=\"https:\/\/www.marelle-bio.com\/wp-content\/uploads\/2020\/05\/Marelle-soins-bio-bebes-et-enfants-boutique-Nuage-10.jpg\" \/>\n\t<meta property=\"og:image:width\" content=\"2048\" \/>\n\t<meta property=\"og:image:height\" content=\"1089\" \/>\n\t<meta property=\"og:image:type\" content=\"image\/jpeg\" \/>\n<meta name=\"author\" content=\"Vanessa\" \/>\n<meta name=\"twitter:card\" content=\"summary_large_image\" \/>\n<meta name=\"twitter:label1\" content=\"Written by\" \/>\n\t<meta name=\"twitter:data1\" content=\"Vanessa\" \/>\n\t<meta name=\"twitter:label2\" content=\"Est. reading time\" \/>\n\t<meta name=\"twitter:data2\" content=\"3 minutes\" \/>\n<script type=\"application\/ld+json\" class=\"yoast-schema-graph\">{\"@context\":\"https:\/\/schema.org\",\"@graph\":[{\"@type\":\"Article\",\"@id\":\"https:\/\/www.marelle-bio.com\/en\/nuage-marelles-first-point-of-sale\/#article\",\"isPartOf\":{\"@id\":\"https:\/\/www.marelle-bio.com\/en\/nuage-marelles-first-point-of-sale\/\"},\"author\":{\"name\":\"Vanessa\",\"@id\":\"https:\/\/www.marelle-bio.com\/fr\/#\/schema\/person\/9119c533d28e414df6fb97f440c5f62d\"},\"headline\":\"Nuage, Marelle&#8217;s first point of sale\",\"datePublished\":\"2020-05-14T14:56:06+00:00\",\"dateModified\":\"2023-10-12T15:11:35+00:00\",\"mainEntityOfPage\":{\"@id\":\"https:\/\/www.marelle-bio.com\/en\/nuage-marelles-first-point-of-sale\/\"},\"wordCount\":691,\"publisher\":{\"@id\":\"https:\/\/www.marelle-bio.com\/fr\/#organization\"},\"inLanguage\":\"en-US\"},{\"@type\":\"WebPage\",\"@id\":\"https:\/\/www.marelle-bio.com\/en\/nuage-marelles-first-point-of-sale\/\",\"url\":\"https:\/\/www.marelle-bio.com\/en\/nuage-marelles-first-point-of-sale\/\",\"name\":\"Nuage, Marelle's first point of sale &#8226; Marelle\",\"isPartOf\":{\"@id\":\"https:\/\/www.marelle-bio.com\/fr\/#website\"},\"datePublished\":\"2020-05-14T14:56:06+00:00\",\"dateModified\":\"2023-10-12T15:11:35+00:00\",\"breadcrumb\":{\"@id\":\"https:\/\/www.marelle-bio.com\/en\/nuage-marelles-first-point-of-sale\/#breadcrumb\"},\"inLanguage\":\"en-US\",\"potentialAction\":[{\"@type\":\"ReadAction\",\"target\":[\"https:\/\/www.marelle-bio.com\/en\/nuage-marelles-first-point-of-sale\/\"]}]},{\"@type\":\"BreadcrumbList\",\"@id\":\"https:\/\/www.marelle-bio.com\/en\/nuage-marelles-first-point-of-sale\/#breadcrumb\",\"itemListElement\":[{\"@type\":\"ListItem\",\"position\":1,\"name\":\"Accueil\",\"item\":\"https:\/\/www.marelle-bio.com\/en\/\"},{\"@type\":\"ListItem\",\"position\":2,\"name\":\"Nuage, Marelle&#8217;s first point of sale\"}]},{\"@type\":\"WebSite\",\"@id\":\"https:\/\/www.marelle-bio.com\/fr\/#website\",\"url\":\"https:\/\/www.marelle-bio.com\/fr\/\",\"name\":\"Marelle\",\"description\":\"Organic skin care for babies and children\",\"publisher\":{\"@id\":\"https:\/\/www.marelle-bio.com\/fr\/#organization\"},\"potentialAction\":[{\"@type\":\"SearchAction\",\"target\":{\"@type\":\"EntryPoint\",\"urlTemplate\":\"https:\/\/www.marelle-bio.com\/fr\/?s={search_term_string}\"},\"query-input\":\"required name=search_term_string\"}],\"inLanguage\":\"en-US\"},{\"@type\":\"Organization\",\"@id\":\"https:\/\/www.marelle-bio.com\/fr\/#organization\",\"name\":\"Marelle\",\"url\":\"https:\/\/www.marelle-bio.com\/fr\/\",\"logo\":{\"@type\":\"ImageObject\",\"inLanguage\":\"en-US\",\"@id\":\"https:\/\/www.marelle-bio.com\/fr\/#\/schema\/logo\/image\/\",\"url\":\"https:\/\/www.marelle-bio.com\/wp-content\/uploads\/2019\/10\/logo.png\",\"contentUrl\":\"https:\/\/www.marelle-bio.com\/wp-content\/uploads\/2019\/10\/logo.png\",\"width\":608,\"height\":295,\"caption\":\"Marelle\"},\"image\":{\"@id\":\"https:\/\/www.marelle-bio.com\/fr\/#\/schema\/logo\/image\/\"},\"sameAs\":[\"https:\/\/www.facebook.com\/marellebio\/\",\"https:\/\/www.instagram.com\/marelle_bio\/\"]},{\"@type\":\"Person\",\"@id\":\"https:\/\/www.marelle-bio.com\/fr\/#\/schema\/person\/9119c533d28e414df6fb97f440c5f62d\",\"name\":\"Vanessa\"}]}<\/script>\n<!-- \/ Yoast SEO plugin. -->","yoast_head_json":{"title":"Nuage, Marelle's first point of sale &#8226; Marelle","robots":{"index":"index","follow":"follow","max-snippet":"max-snippet:-1","max-image-preview":"max-image-preview:large","max-video-preview":"max-video-preview:-1"},"canonical":"https:\/\/www.marelle-bio.com\/en\/nuage-marelles-first-point-of-sale\/","og_locale":"en_US","og_type":"article","og_title":"Nuage, Marelle's first point of sale &#8226; Marelle","og_description":"On n\u2019oublie jamais son premier point de vente, ni les personnes qui ont \u00e9t\u00e9 les premi\u00e8res \u00e0 vous faire confiance\u00a0! Nuage est une magnifique boutique (...)","og_url":"https:\/\/www.marelle-bio.com\/en\/nuage-marelles-first-point-of-sale\/","og_site_name":"Marelle","article_publisher":"https:\/\/www.facebook.com\/marellebio\/","article_published_time":"2020-05-14T14:56:06+00:00","article_modified_time":"2023-10-12T15:11:35+00:00","og_image":[{"width":2048,"height":1089,"url":"https:\/\/www.marelle-bio.com\/wp-content\/uploads\/2020\/05\/Marelle-soins-bio-bebes-et-enfants-boutique-Nuage-10.jpg","type":"image\/jpeg"}],"author":"Vanessa","twitter_card":"summary_large_image","twitter_misc":{"Written by":"Vanessa","Est. reading time":"3 minutes"},"schema":{"@context":"https:\/\/schema.org","@graph":[{"@type":"Article","@id":"https:\/\/www.marelle-bio.com\/en\/nuage-marelles-first-point-of-sale\/#article","isPartOf":{"@id":"https:\/\/www.marelle-bio.com\/en\/nuage-marelles-first-point-of-sale\/"},"author":{"name":"Vanessa","@id":"https:\/\/www.marelle-bio.com\/fr\/#\/schema\/person\/9119c533d28e414df6fb97f440c5f62d"},"headline":"Nuage, Marelle&#8217;s first point of sale","datePublished":"2020-05-14T14:56:06+00:00","dateModified":"2023-10-12T15:11:35+00:00","mainEntityOfPage":{"@id":"https:\/\/www.marelle-bio.com\/en\/nuage-marelles-first-point-of-sale\/"},"wordCount":691,"publisher":{"@id":"https:\/\/www.marelle-bio.com\/fr\/#organization"},"inLanguage":"en-US"},{"@type":"WebPage","@id":"https:\/\/www.marelle-bio.com\/en\/nuage-marelles-first-point-of-sale\/","url":"https:\/\/www.marelle-bio.com\/en\/nuage-marelles-first-point-of-sale\/","name":"Nuage, Marelle's first point of sale &#8226; Marelle","isPartOf":{"@id":"https:\/\/www.marelle-bio.com\/fr\/#website"},"datePublished":"2020-05-14T14:56:06+00:00","dateModified":"2023-10-12T15:11:35+00:00","breadcrumb":{"@id":"https:\/\/www.marelle-bio.com\/en\/nuage-marelles-first-point-of-sale\/#breadcrumb"},"inLanguage":"en-US","potentialAction":[{"@type":"ReadAction","target":["https:\/\/www.marelle-bio.com\/en\/nuage-marelles-first-point-of-sale\/"]}]},{"@type":"BreadcrumbList","@id":"https:\/\/www.marelle-bio.com\/en\/nuage-marelles-first-point-of-sale\/#breadcrumb","itemListElement":[{"@type":"ListItem","position":1,"name":"Accueil","item":"https:\/\/www.marelle-bio.com\/en\/"},{"@type":"ListItem","position":2,"name":"Nuage, Marelle&#8217;s first point of sale"}]},{"@type":"WebSite","@id":"https:\/\/www.marelle-bio.com\/fr\/#website","url":"https:\/\/www.marelle-bio.com\/fr\/","name":"Marelle","description":"Organic skin care for babies and children","publisher":{"@id":"https:\/\/www.marelle-bio.com\/fr\/#organization"},"potentialAction":[{"@type":"SearchAction","target":{"@type":"EntryPoint","urlTemplate":"https:\/\/www.marelle-bio.com\/fr\/?s={search_term_string}"},"query-input":"required name=search_term_string"}],"inLanguage":"en-US"},{"@type":"Organization","@id":"https:\/\/www.marelle-bio.com\/fr\/#organization","name":"Marelle","url":"https:\/\/www.marelle-bio.com\/fr\/","logo":{"@type":"ImageObject","inLanguage":"en-US","@id":"https:\/\/www.marelle-bio.com\/fr\/#\/schema\/logo\/image\/","url":"https:\/\/www.marelle-bio.com\/wp-content\/uploads\/2019\/10\/logo.png","contentUrl":"https:\/\/www.marelle-bio.com\/wp-content\/uploads\/2019\/10\/logo.png","width":608,"height":295,"caption":"Marelle"},"image":{"@id":"https:\/\/www.marelle-bio.com\/fr\/#\/schema\/logo\/image\/"},"sameAs":["https:\/\/www.facebook.com\/marellebio\/","https:\/\/www.instagram.com\/marelle_bio\/"]},{"@type":"Person","@id":"https:\/\/www.marelle-bio.com\/fr\/#\/schema\/person\/9119c533d28e414df6fb97f440c5f62d","name":"Vanessa"}]}},"_links":{"self":[{"href":"https:\/\/www.marelle-bio.com\/en\/wp-json\/wp\/v2\/posts\/5964"}],"collection":[{"href":"https:\/\/www.marelle-bio.com\/en\/wp-json\/wp\/v2\/posts"}],"about":[{"href":"https:\/\/www.marelle-bio.com\/en\/wp-json\/wp\/v2\/types\/post"}],"author":[{"embeddable":true,"href":"https:\/\/www.marelle-bio.com\/en\/wp-json\/wp\/v2\/users\/9"}],"replies":[{"embeddable":true,"href":"https:\/\/www.marelle-bio.com\/en\/wp-json\/wp\/v2\/comments?post=5964"}],"version-history":[{"count":12,"href":"https:\/\/www.marelle-bio.com\/en\/wp-json\/wp\/v2\/posts\/5964\/revisions"}],"predecessor-version":[{"id":81571,"href":"https:\/\/www.marelle-bio.com\/en\/wp-json\/wp\/v2\/posts\/5964\/revisions\/81571"}],"wp:featuredmedia":[{"embeddable":true,"href":"https:\/\/www.marelle-bio.com\/en\/wp-json\/wp\/v2\/media\/5994"}],"wp:attachment":[{"href":"https:\/\/www.marelle-bio.com\/en\/wp-json\/wp\/v2\/media?parent=5964"}],"curies":[{"name":"wp","href":"https:\/\/api.w.org\/{rel}","templated":true}]}}