{"id":81083,"date":"2021-03-23T16:36:06","date_gmt":"2021-03-23T15:36:06","guid":{"rendered":"https:\/\/www.marelle-bio.com\/last-marelle-photo-shoot-at-montagne-alternative-behind-the-scenes\/"},"modified":"2023-10-12T17:16:21","modified_gmt":"2023-10-12T15:16:21","slug":"last-marelle-photo-shoot-at-montagne-alternative-behind-the-scenes","status":"publish","type":"post","link":"https:\/\/www.marelle-bio.com\/de\/last-marelle-photo-shoot-at-montagne-alternative-behind-the-scenes\/","title":{"rendered":"Letzter Fototermin bei Montagne Alternative &#8211; hinter den Kulissen"},"content":{"rendered":"\n<p>Wir wollten euch von unserem letzten Fotoshooting berichten, das an einem au\u00dfergew\u00f6hnlichen Ort stattfand, der uns sehr gut gefallen hat!<\/p>\n\n\n\n<div class=\"wp-block-group is-layout-flow wp-block-group-is-layout-flow\"><div class=\"wp-block-group__inner-container\">\n<figure class=\"wp-block-gallery aligncenter has-nested-images columns-default is-cropped wp-block-gallery-1 is-layout-flex wp-block-gallery-is-layout-flex\">\n<figure class=\"wp-block-image size-large\"><img decoding=\"async\" loading=\"lazy\" width=\"683\" height=\"1024\" src=\"https:\/\/www.marelle-bio.com\/wp-content\/uploads\/2021\/03\/2702202140GenevaFamilyPhotographerandBloggerMarelle-1-683x1024.jpg\" alt=\"\" class=\"wp-image-21307\" srcset=\"https:\/\/www.marelle-bio.com\/wp-content\/uploads\/2021\/03\/2702202140GenevaFamilyPhotographerandBloggerMarelle-1-683x1024.jpg 683w, https:\/\/www.marelle-bio.com\/wp-content\/uploads\/2021\/03\/2702202140GenevaFamilyPhotographerandBloggerMarelle-1-533x800.jpg 533w, https:\/\/www.marelle-bio.com\/wp-content\/uploads\/2021\/03\/2702202140GenevaFamilyPhotographerandBloggerMarelle-1-768x1152.jpg 768w, https:\/\/www.marelle-bio.com\/wp-content\/uploads\/2021\/03\/2702202140GenevaFamilyPhotographerandBloggerMarelle-1-300x450.jpg 300w, https:\/\/www.marelle-bio.com\/wp-content\/uploads\/2021\/03\/2702202140GenevaFamilyPhotographerandBloggerMarelle-1-600x900.jpg 600w, https:\/\/www.marelle-bio.com\/wp-content\/uploads\/2021\/03\/2702202140GenevaFamilyPhotographerandBloggerMarelle-1.jpg 1024w\" sizes=\"(max-width: 683px) 100vw, 683px\" \/><\/figure>\n\n\n\n<figure class=\"wp-block-image size-large\"><img decoding=\"async\" loading=\"lazy\" width=\"683\" height=\"1024\" src=\"https:\/\/www.marelle-bio.com\/wp-content\/uploads\/2021\/03\/2702202141GenevaFamilyPhotographerandBloggerMarelle-1-683x1024.jpg\" alt=\"\" class=\"wp-image-21309\" srcset=\"https:\/\/www.marelle-bio.com\/wp-content\/uploads\/2021\/03\/2702202141GenevaFamilyPhotographerandBloggerMarelle-1-683x1024.jpg 683w, https:\/\/www.marelle-bio.com\/wp-content\/uploads\/2021\/03\/2702202141GenevaFamilyPhotographerandBloggerMarelle-1-533x800.jpg 533w, https:\/\/www.marelle-bio.com\/wp-content\/uploads\/2021\/03\/2702202141GenevaFamilyPhotographerandBloggerMarelle-1-768x1152.jpg 768w, https:\/\/www.marelle-bio.com\/wp-content\/uploads\/2021\/03\/2702202141GenevaFamilyPhotographerandBloggerMarelle-1-300x450.jpg 300w, https:\/\/www.marelle-bio.com\/wp-content\/uploads\/2021\/03\/2702202141GenevaFamilyPhotographerandBloggerMarelle-1-600x900.jpg 600w, https:\/\/www.marelle-bio.com\/wp-content\/uploads\/2021\/03\/2702202141GenevaFamilyPhotographerandBloggerMarelle-1.jpg 1024w\" sizes=\"(max-width: 683px) 100vw, 683px\" \/><\/figure>\n<\/figure>\n<\/div><\/div>\n\n\n\n<p>Dieser au\u00dfergew\u00f6hnliche Ort hei\u00dft Montagne Alternative in Orsi\u00e8res, Schweiz, im Herzen der Region Saint-Bernard im Wallis, auf 1.400 m H\u00f6he gelegen.<\/p>\n\n\n\n<p>Montagne Alternative bietet Aufenthalte in jahrhundertealten Scheunen, die sich an den Berghang schmiegen und von einem passionierten belgischen Paar, das schon lange in der Schweiz lebt, Alexia und Benoit, wunderbar renoviert wurden.<\/p>\n\n\n\n<p>Ein authentischer Ort in einer spektakul\u00e4ren Natur, die sich von der Fr\u00fchlingsbl\u00fcte bis zu den pr\u00e4chtigen Herbstfarben in ihrer ganzen Pracht zeigt. Auf dem Programm: Wandern und Entdeckung der botanischen G\u00e4rten im Sommer; Schneeschuhwanderung, Langlauf und Schlittschuhlaufen auf den zugefrorenen Seen im Winter.<\/p>\n\n\n\n<figure class=\"wp-block-gallery aligncenter has-nested-images columns-default is-cropped wp-block-gallery-4 is-layout-flex wp-block-gallery-is-layout-flex\">\n<figure class=\"wp-block-image size-large\"><img decoding=\"async\" loading=\"lazy\" width=\"683\" height=\"1024\" data-id=\"21322\" src=\"https:\/\/www.marelle-bio.com\/wp-content\/uploads\/2021\/03\/2702202142GenevaFamilyPhotographerandBloggerMarelle-683x1024.jpg\" alt=\"\" class=\"wp-image-21322\" srcset=\"https:\/\/www.marelle-bio.com\/wp-content\/uploads\/2021\/03\/2702202142GenevaFamilyPhotographerandBloggerMarelle-683x1024.jpg 683w, https:\/\/www.marelle-bio.com\/wp-content\/uploads\/2021\/03\/2702202142GenevaFamilyPhotographerandBloggerMarelle-533x800.jpg 533w, https:\/\/www.marelle-bio.com\/wp-content\/uploads\/2021\/03\/2702202142GenevaFamilyPhotographerandBloggerMarelle-768x1152.jpg 768w, https:\/\/www.marelle-bio.com\/wp-content\/uploads\/2021\/03\/2702202142GenevaFamilyPhotographerandBloggerMarelle-300x450.jpg 300w, https:\/\/www.marelle-bio.com\/wp-content\/uploads\/2021\/03\/2702202142GenevaFamilyPhotographerandBloggerMarelle-600x900.jpg 600w, https:\/\/www.marelle-bio.com\/wp-content\/uploads\/2021\/03\/2702202142GenevaFamilyPhotographerandBloggerMarelle.jpg 1024w\" sizes=\"(max-width: 683px) 100vw, 683px\" \/><\/figure>\n\n\n\n<figure class=\"wp-block-image size-large\"><img decoding=\"async\" loading=\"lazy\" width=\"683\" height=\"1024\" data-id=\"21324\" src=\"https:\/\/www.marelle-bio.com\/wp-content\/uploads\/2021\/03\/2702202185GenevaFamilyPhotographerandBloggerMarelle-683x1024.jpg\" alt=\"\" class=\"wp-image-21324\" srcset=\"https:\/\/www.marelle-bio.com\/wp-content\/uploads\/2021\/03\/2702202185GenevaFamilyPhotographerandBloggerMarelle-683x1024.jpg 683w, https:\/\/www.marelle-bio.com\/wp-content\/uploads\/2021\/03\/2702202185GenevaFamilyPhotographerandBloggerMarelle-533x800.jpg 533w, https:\/\/www.marelle-bio.com\/wp-content\/uploads\/2021\/03\/2702202185GenevaFamilyPhotographerandBloggerMarelle-768x1152.jpg 768w, https:\/\/www.marelle-bio.com\/wp-content\/uploads\/2021\/03\/2702202185GenevaFamilyPhotographerandBloggerMarelle-300x450.jpg 300w, https:\/\/www.marelle-bio.com\/wp-content\/uploads\/2021\/03\/2702202185GenevaFamilyPhotographerandBloggerMarelle-600x900.jpg 600w, https:\/\/www.marelle-bio.com\/wp-content\/uploads\/2021\/03\/2702202185GenevaFamilyPhotographerandBloggerMarelle.jpg 1024w\" sizes=\"(max-width: 683px) 100vw, 683px\" \/><\/figure>\n<\/figure>\n\n\n\n<p>Laurianne, die einladende H\u00fcterin des Ortes, \u00f6ffnet die T\u00fcren dieser jahrhundertealten Scheunen oder Doppelzimmer mit ihrem raffinierten und zeitgen\u00f6ssischen Design, das auf das Wesentliche reduziert ist.<\/p>\n\n\n\n<p>Der Ort bietet absolute Ruhe und eine atemberaubende Aussicht &#8211; ideal, um neue Energie zu tanken und Momente au\u00dferhalb der Zeit zu erleben.<\/p>\n\n\n<div class=\"wp-block-image\">\n<figure class=\"aligncenter is-resized\"><img decoding=\"async\" loading=\"lazy\" src=\"https:\/\/www.marelle-bio.com\/wp-content\/uploads\/2021\/03\/2702202197GenevaFamilyPhotographerandBloggerMarelle.jpg\" alt=\"\" class=\"wp-image-21312\" style=\"width:588px;height:391px\" width=\"588\" height=\"391\" srcset=\"https:\/\/www.marelle-bio.com\/wp-content\/uploads\/2021\/03\/2702202197GenevaFamilyPhotographerandBloggerMarelle.jpg 1024w, https:\/\/www.marelle-bio.com\/wp-content\/uploads\/2021\/03\/2702202197GenevaFamilyPhotographerandBloggerMarelle-800x534.jpg 800w, https:\/\/www.marelle-bio.com\/wp-content\/uploads\/2021\/03\/2702202197GenevaFamilyPhotographerandBloggerMarelle-768x512.jpg 768w, https:\/\/www.marelle-bio.com\/wp-content\/uploads\/2021\/03\/2702202197GenevaFamilyPhotographerandBloggerMarelle-300x200.jpg 300w, https:\/\/www.marelle-bio.com\/wp-content\/uploads\/2021\/03\/2702202197GenevaFamilyPhotographerandBloggerMarelle-600x400.jpg 600w\" sizes=\"(max-width: 588px) 100vw, 588px\" \/><\/figure><\/div>\n\n\n<p>Montagne Alternative bietet einzigartige Erlebnisse an, wie z. B. ein Retreat mit der Philosophin, Soziologin und Schriftstellerin Fr\u00e9d\u00e9rique Lenoir zum Thema &#8220;Die gro\u00dfen Geschichten, die die Geschichte der Menschheit gepr\u00e4gt haben, teilen&#8221; oder einen Kurs zur Entdeckung von Wildpflanzen und ihrer traditionellen Verwendung als Nahrungsmittel und Medizin mit einem Ethnobotaniker und Koch.<\/p>\n\n\n\n<p>Bei Montagne Alternative bekommt das langsame Leben seine volle Bedeutung f\u00fcr einen unvergesslichen Aufenthalt in perfekter Symbiose mit der Natur, der sowohl K\u00f6rper als auch Geist belebt!<\/p>\n\n\n<div class=\"wp-block-image\">\n<figure class=\"aligncenter is-resized\"><img decoding=\"async\" loading=\"lazy\" src=\"https:\/\/www.marelle-bio.com\/wp-content\/uploads\/2021\/03\/27022021137GenevaFamilyPhotographerandBloggerMarelle.jpg\" alt=\"\" class=\"wp-image-21314\" style=\"width:592px;height:394px\" width=\"592\" height=\"394\" srcset=\"https:\/\/www.marelle-bio.com\/wp-content\/uploads\/2021\/03\/27022021137GenevaFamilyPhotographerandBloggerMarelle.jpg 1024w, https:\/\/www.marelle-bio.com\/wp-content\/uploads\/2021\/03\/27022021137GenevaFamilyPhotographerandBloggerMarelle-800x534.jpg 800w, https:\/\/www.marelle-bio.com\/wp-content\/uploads\/2021\/03\/27022021137GenevaFamilyPhotographerandBloggerMarelle-768x512.jpg 768w, https:\/\/www.marelle-bio.com\/wp-content\/uploads\/2021\/03\/27022021137GenevaFamilyPhotographerandBloggerMarelle-300x200.jpg 300w, https:\/\/www.marelle-bio.com\/wp-content\/uploads\/2021\/03\/27022021137GenevaFamilyPhotographerandBloggerMarelle-600x400.jpg 600w\" sizes=\"(max-width: 592px) 100vw, 592px\" \/><\/figure><\/div>\n\n\n<p>Vielen Dank an das Team von Montagne Alternative f\u00fcr die \u00d6ffnung der T\u00fcren dieses magischen Ortes f\u00fcr die Zeit eines Fotoshootings! Wir werden wiederkommen!<\/p>\n\n\n\n<p><a href=\"https:\/\/montagne-alternative.com\/?lang=de\">www.montagne-alternative.com<\/a><\/p>\n\n\n\n<p>Montagne Alternative &#8211; Commeires 50, 1937 Orsi\u00e8res, Schweiz. Tel: +41 79 843 6165<\/p>\n\n\n\n<p>Fotos von Marta Villacampa &#8211; <a href=\"https:\/\/lensandsensibility.com\">www.lensandsensibility.com<\/a><\/p>\n","protected":false},"excerpt":{"rendered":"<p>Wir wollten euch von unserem letzten Fotoshooting berichten, das an einem au\u00dfergew\u00f6hnlichen Ort stattfand, der uns sehr gut gefallen hat! Dieser au\u00dfergew\u00f6hnliche Ort hei\u00dft Montagne (&#8230;)<\/p>\n","protected":false},"author":9,"featured_media":81085,"comment_status":"closed","ping_status":"open","sticky":false,"template":"","format":"standard","meta":{"footnotes":""},"acf":[],"yoast_head":"<!-- This site is optimized with the Yoast SEO plugin v21.2 - https:\/\/yoast.com\/wordpress\/plugins\/seo\/ -->\n<title>Letzter Fototermin bei Montagne Alternative - hinter den Kulissen &#8226; Marelle<\/title>\n<meta name=\"robots\" content=\"index, follow, max-snippet:-1, max-image-preview:large, max-video-preview:-1\" \/>\n<link rel=\"canonical\" href=\"https:\/\/www.marelle-bio.com\/de\/last-marelle-photo-shoot-at-montagne-alternative-behind-the-scenes\/\" \/>\n<meta property=\"og:locale\" content=\"de_DE\" \/>\n<meta property=\"og:type\" content=\"article\" \/>\n<meta property=\"og:title\" content=\"Letzter Fototermin bei Montagne Alternative - hinter den Kulissen &#8226; Marelle\" \/>\n<meta property=\"og:description\" content=\"Wir wollten euch von unserem letzten Fotoshooting berichten, das an einem au\u00dfergew\u00f6hnlichen Ort stattfand, der uns sehr gut gefallen hat! Dieser au\u00dfergew\u00f6hnliche Ort hei\u00dft Montagne (...)\" \/>\n<meta property=\"og:url\" content=\"https:\/\/www.marelle-bio.com\/de\/last-marelle-photo-shoot-at-montagne-alternative-behind-the-scenes\/\" \/>\n<meta property=\"og:site_name\" content=\"Marelle\" \/>\n<meta property=\"article:publisher\" content=\"https:\/\/www.facebook.com\/marellebio\/\" \/>\n<meta property=\"article:published_time\" content=\"2021-03-23T15:36:06+00:00\" \/>\n<meta property=\"article:modified_time\" content=\"2023-10-12T15:16:21+00:00\" \/>\n<meta property=\"og:image\" content=\"https:\/\/www.marelle-bio.com\/wp-content\/uploads\/2021\/03\/fullsizeoutput_390b-scaled.jpeg\" \/>\n\t<meta property=\"og:image:width\" content=\"2048\" \/>\n\t<meta property=\"og:image:height\" content=\"969\" \/>\n\t<meta property=\"og:image:type\" content=\"image\/jpeg\" \/>\n<meta name=\"author\" content=\"Vanessa\" \/>\n<meta name=\"twitter:card\" content=\"summary_large_image\" \/>\n<meta name=\"twitter:label1\" content=\"Verfasst von\" \/>\n\t<meta name=\"twitter:data1\" content=\"Vanessa\" \/>\n\t<meta name=\"twitter:label2\" content=\"Gesch\u00e4tzte Lesezeit\" \/>\n\t<meta name=\"twitter:data2\" content=\"3\u00a0Minuten\" \/>\n<script type=\"application\/ld+json\" class=\"yoast-schema-graph\">{\"@context\":\"https:\/\/schema.org\",\"@graph\":[{\"@type\":\"Article\",\"@id\":\"https:\/\/www.marelle-bio.com\/de\/last-marelle-photo-shoot-at-montagne-alternative-behind-the-scenes\/#article\",\"isPartOf\":{\"@id\":\"https:\/\/www.marelle-bio.com\/de\/last-marelle-photo-shoot-at-montagne-alternative-behind-the-scenes\/\"},\"author\":{\"name\":\"Vanessa\",\"@id\":\"https:\/\/www.marelle-bio.com\/fr\/#\/schema\/person\/9119c533d28e414df6fb97f440c5f62d\"},\"headline\":\"Letzter Fototermin bei Montagne Alternative &#8211; hinter den Kulissen\",\"datePublished\":\"2021-03-23T15:36:06+00:00\",\"dateModified\":\"2023-10-12T15:16:21+00:00\",\"mainEntityOfPage\":{\"@id\":\"https:\/\/www.marelle-bio.com\/de\/last-marelle-photo-shoot-at-montagne-alternative-behind-the-scenes\/\"},\"wordCount\":320,\"publisher\":{\"@id\":\"https:\/\/www.marelle-bio.com\/fr\/#organization\"},\"inLanguage\":\"de\"},{\"@type\":\"WebPage\",\"@id\":\"https:\/\/www.marelle-bio.com\/de\/last-marelle-photo-shoot-at-montagne-alternative-behind-the-scenes\/\",\"url\":\"https:\/\/www.marelle-bio.com\/de\/last-marelle-photo-shoot-at-montagne-alternative-behind-the-scenes\/\",\"name\":\"Letzter Fototermin bei Montagne Alternative - hinter den Kulissen &#8226; Marelle\",\"isPartOf\":{\"@id\":\"https:\/\/www.marelle-bio.com\/fr\/#website\"},\"datePublished\":\"2021-03-23T15:36:06+00:00\",\"dateModified\":\"2023-10-12T15:16:21+00:00\",\"breadcrumb\":{\"@id\":\"https:\/\/www.marelle-bio.com\/de\/last-marelle-photo-shoot-at-montagne-alternative-behind-the-scenes\/#breadcrumb\"},\"inLanguage\":\"de\",\"potentialAction\":[{\"@type\":\"ReadAction\",\"target\":[\"https:\/\/www.marelle-bio.com\/de\/last-marelle-photo-shoot-at-montagne-alternative-behind-the-scenes\/\"]}]},{\"@type\":\"BreadcrumbList\",\"@id\":\"https:\/\/www.marelle-bio.com\/de\/last-marelle-photo-shoot-at-montagne-alternative-behind-the-scenes\/#breadcrumb\",\"itemListElement\":[{\"@type\":\"ListItem\",\"position\":1,\"name\":\"Accueil\",\"item\":\"https:\/\/www.marelle-bio.com\/de\/\"},{\"@type\":\"ListItem\",\"position\":2,\"name\":\"Letzter Fototermin bei Montagne Alternative &#8211; hinter den Kulissen\"}]},{\"@type\":\"WebSite\",\"@id\":\"https:\/\/www.marelle-bio.com\/fr\/#website\",\"url\":\"https:\/\/www.marelle-bio.com\/fr\/\",\"name\":\"Marelle\",\"description\":\"Soins bio pour b\u00e9b\u00e9s et enfants\",\"publisher\":{\"@id\":\"https:\/\/www.marelle-bio.com\/fr\/#organization\"},\"potentialAction\":[{\"@type\":\"SearchAction\",\"target\":{\"@type\":\"EntryPoint\",\"urlTemplate\":\"https:\/\/www.marelle-bio.com\/fr\/?s={search_term_string}\"},\"query-input\":\"required name=search_term_string\"}],\"inLanguage\":\"de\"},{\"@type\":\"Organization\",\"@id\":\"https:\/\/www.marelle-bio.com\/fr\/#organization\",\"name\":\"Marelle\",\"url\":\"https:\/\/www.marelle-bio.com\/fr\/\",\"logo\":{\"@type\":\"ImageObject\",\"inLanguage\":\"de\",\"@id\":\"https:\/\/www.marelle-bio.com\/fr\/#\/schema\/logo\/image\/\",\"url\":\"https:\/\/www.marelle-bio.com\/wp-content\/uploads\/2019\/10\/logo.png\",\"contentUrl\":\"https:\/\/www.marelle-bio.com\/wp-content\/uploads\/2019\/10\/logo.png\",\"width\":608,\"height\":295,\"caption\":\"Marelle\"},\"image\":{\"@id\":\"https:\/\/www.marelle-bio.com\/fr\/#\/schema\/logo\/image\/\"},\"sameAs\":[\"https:\/\/www.facebook.com\/marellebio\/\",\"https:\/\/www.instagram.com\/marelle_bio\/\"]},{\"@type\":\"Person\",\"@id\":\"https:\/\/www.marelle-bio.com\/fr\/#\/schema\/person\/9119c533d28e414df6fb97f440c5f62d\",\"name\":\"Vanessa\"}]}<\/script>\n<!-- \/ Yoast SEO plugin. -->","yoast_head_json":{"title":"Letzter Fototermin bei Montagne Alternative - hinter den Kulissen &#8226; Marelle","robots":{"index":"index","follow":"follow","max-snippet":"max-snippet:-1","max-image-preview":"max-image-preview:large","max-video-preview":"max-video-preview:-1"},"canonical":"https:\/\/www.marelle-bio.com\/de\/last-marelle-photo-shoot-at-montagne-alternative-behind-the-scenes\/","og_locale":"de_DE","og_type":"article","og_title":"Letzter Fototermin bei Montagne Alternative - hinter den Kulissen &#8226; Marelle","og_description":"Wir wollten euch von unserem letzten Fotoshooting berichten, das an einem au\u00dfergew\u00f6hnlichen Ort stattfand, der uns sehr gut gefallen hat! Dieser au\u00dfergew\u00f6hnliche Ort hei\u00dft Montagne (...)","og_url":"https:\/\/www.marelle-bio.com\/de\/last-marelle-photo-shoot-at-montagne-alternative-behind-the-scenes\/","og_site_name":"Marelle","article_publisher":"https:\/\/www.facebook.com\/marellebio\/","article_published_time":"2021-03-23T15:36:06+00:00","article_modified_time":"2023-10-12T15:16:21+00:00","og_image":[{"width":2048,"height":969,"url":"https:\/\/www.marelle-bio.com\/wp-content\/uploads\/2021\/03\/fullsizeoutput_390b-scaled.jpeg","type":"image\/jpeg"}],"author":"Vanessa","twitter_card":"summary_large_image","twitter_misc":{"Verfasst von":"Vanessa","Gesch\u00e4tzte Lesezeit":"3\u00a0Minuten"},"schema":{"@context":"https:\/\/schema.org","@graph":[{"@type":"Article","@id":"https:\/\/www.marelle-bio.com\/de\/last-marelle-photo-shoot-at-montagne-alternative-behind-the-scenes\/#article","isPartOf":{"@id":"https:\/\/www.marelle-bio.com\/de\/last-marelle-photo-shoot-at-montagne-alternative-behind-the-scenes\/"},"author":{"name":"Vanessa","@id":"https:\/\/www.marelle-bio.com\/fr\/#\/schema\/person\/9119c533d28e414df6fb97f440c5f62d"},"headline":"Letzter Fototermin bei Montagne Alternative &#8211; hinter den Kulissen","datePublished":"2021-03-23T15:36:06+00:00","dateModified":"2023-10-12T15:16:21+00:00","mainEntityOfPage":{"@id":"https:\/\/www.marelle-bio.com\/de\/last-marelle-photo-shoot-at-montagne-alternative-behind-the-scenes\/"},"wordCount":320,"publisher":{"@id":"https:\/\/www.marelle-bio.com\/fr\/#organization"},"inLanguage":"de"},{"@type":"WebPage","@id":"https:\/\/www.marelle-bio.com\/de\/last-marelle-photo-shoot-at-montagne-alternative-behind-the-scenes\/","url":"https:\/\/www.marelle-bio.com\/de\/last-marelle-photo-shoot-at-montagne-alternative-behind-the-scenes\/","name":"Letzter Fototermin bei Montagne Alternative - hinter den Kulissen &#8226; Marelle","isPartOf":{"@id":"https:\/\/www.marelle-bio.com\/fr\/#website"},"datePublished":"2021-03-23T15:36:06+00:00","dateModified":"2023-10-12T15:16:21+00:00","breadcrumb":{"@id":"https:\/\/www.marelle-bio.com\/de\/last-marelle-photo-shoot-at-montagne-alternative-behind-the-scenes\/#breadcrumb"},"inLanguage":"de","potentialAction":[{"@type":"ReadAction","target":["https:\/\/www.marelle-bio.com\/de\/last-marelle-photo-shoot-at-montagne-alternative-behind-the-scenes\/"]}]},{"@type":"BreadcrumbList","@id":"https:\/\/www.marelle-bio.com\/de\/last-marelle-photo-shoot-at-montagne-alternative-behind-the-scenes\/#breadcrumb","itemListElement":[{"@type":"ListItem","position":1,"name":"Accueil","item":"https:\/\/www.marelle-bio.com\/de\/"},{"@type":"ListItem","position":2,"name":"Letzter Fototermin bei Montagne Alternative &#8211; hinter den Kulissen"}]},{"@type":"WebSite","@id":"https:\/\/www.marelle-bio.com\/fr\/#website","url":"https:\/\/www.marelle-bio.com\/fr\/","name":"Marelle","description":"Soins bio pour b\u00e9b\u00e9s et enfants","publisher":{"@id":"https:\/\/www.marelle-bio.com\/fr\/#organization"},"potentialAction":[{"@type":"SearchAction","target":{"@type":"EntryPoint","urlTemplate":"https:\/\/www.marelle-bio.com\/fr\/?s={search_term_string}"},"query-input":"required name=search_term_string"}],"inLanguage":"de"},{"@type":"Organization","@id":"https:\/\/www.marelle-bio.com\/fr\/#organization","name":"Marelle","url":"https:\/\/www.marelle-bio.com\/fr\/","logo":{"@type":"ImageObject","inLanguage":"de","@id":"https:\/\/www.marelle-bio.com\/fr\/#\/schema\/logo\/image\/","url":"https:\/\/www.marelle-bio.com\/wp-content\/uploads\/2019\/10\/logo.png","contentUrl":"https:\/\/www.marelle-bio.com\/wp-content\/uploads\/2019\/10\/logo.png","width":608,"height":295,"caption":"Marelle"},"image":{"@id":"https:\/\/www.marelle-bio.com\/fr\/#\/schema\/logo\/image\/"},"sameAs":["https:\/\/www.facebook.com\/marellebio\/","https:\/\/www.instagram.com\/marelle_bio\/"]},{"@type":"Person","@id":"https:\/\/www.marelle-bio.com\/fr\/#\/schema\/person\/9119c533d28e414df6fb97f440c5f62d","name":"Vanessa"}]}},"_links":{"self":[{"href":"https:\/\/www.marelle-bio.com\/de\/wp-json\/wp\/v2\/posts\/81083"}],"collection":[{"href":"https:\/\/www.marelle-bio.com\/de\/wp-json\/wp\/v2\/posts"}],"about":[{"href":"https:\/\/www.marelle-bio.com\/de\/wp-json\/wp\/v2\/types\/post"}],"author":[{"embeddable":true,"href":"https:\/\/www.marelle-bio.com\/de\/wp-json\/wp\/v2\/users\/9"}],"replies":[{"embeddable":true,"href":"https:\/\/www.marelle-bio.com\/de\/wp-json\/wp\/v2\/comments?post=81083"}],"version-history":[{"count":4,"href":"https:\/\/www.marelle-bio.com\/de\/wp-json\/wp\/v2\/posts\/81083\/revisions"}],"predecessor-version":[{"id":81593,"href":"https:\/\/www.marelle-bio.com\/de\/wp-json\/wp\/v2\/posts\/81083\/revisions\/81593"}],"wp:featuredmedia":[{"embeddable":true,"href":"https:\/\/www.marelle-bio.com\/de\/wp-json\/wp\/v2\/media\/81085"}],"wp:attachment":[{"href":"https:\/\/www.marelle-bio.com\/de\/wp-json\/wp\/v2\/media?parent=81083"}],"curies":[{"name":"wp","href":"https:\/\/api.w.org\/{rel}","templated":true}]}}