{"id":81014,"date":"2023-06-15T13:59:05","date_gmt":"2023-06-15T11:59:05","guid":{"rendered":"https:\/\/www.marelle-bio.com\/our-favorite-addresses-in-geneva\/"},"modified":"2023-09-26T11:49:39","modified_gmt":"2023-09-26T09:49:39","slug":"our-favorite-addresses-in-geneva","status":"publish","type":"post","link":"https:\/\/www.marelle-bio.com\/de\/our-favorite-addresses-in-geneva\/","title":{"rendered":"Unsere Lieblingsadressen in Genf"},"content":{"rendered":"\n<p>Da ich seit fast 12 Jahren in Genf lebe, m\u00f6chte ich Ihnen meine Lieblingsorte vorstellen, an denen Sie mit Ihrer Familie in der Stadt Calvin eine sch\u00f6ne Zeit verbringen k\u00f6nnen. Egal, ob Sie hier leben oder nur auf der Durchreise sind, diese Adressen werden Ihnen sicher gefallen!<\/p>\n\n\n\n<p>    <em>   &#8211; Vanessa Toublanc, <\/em>Gr\u00fcnder von Marelle<\/p>\n\n\n\n<p><\/p>\n\n\n\n<p><strong>Schwimmen und Mittagessen in den Bains des P\u00e2quis<\/strong><\/p>\n\n\n\n<p>Die Bains des P\u00e2quis sind eine Genfer Institution! Das 1872 am rechten Flussufer errichtete Bad verf\u00fcgt \u00fcber einen Strand, Schwimmb\u00e4der, Sprungbretter, Saunen und eine Erfrischungsbar, in der Sie einfache und herzhafte Gerichte mit Blick auf die sch\u00f6nste Aussicht von Genf genie\u00dfen k\u00f6nnen. An einem sonnigen Tag werden Sie die herrlich altmodische Atmosph\u00e4re dieses einzigartigen, historischen Ortes lieben!<\/p>\n\n\n\n<p><a href=\"https:\/\/www.bains-des-paquis.ch\"><em>www.bains-des-paquis.ch<\/em><\/a><\/p>\n\n\n\n<p><\/p>\n\n\n\n<figure class=\"wp-block-gallery aligncenter columns-2 is-cropped wp-block-gallery-1 is-layout-flex wp-block-gallery-is-layout-flex\"><ul class=\"blocks-gallery-grid\"><li class=\"blocks-gallery-item\"><figure><img decoding=\"async\" loading=\"lazy\" width=\"784\" height=\"1024\" src=\"https:\/\/www.marelle-bio.com\/wp-content\/uploads\/2023\/06\/IMG_8408-1-784x1024.jpeg\" alt=\"\" data-id=\"72487\" data-full-url=\"https:\/\/www.marelle-bio.com\/wp-content\/uploads\/2023\/06\/IMG_8408-1.jpeg\" data-link=\"https:\/\/www.marelle-bio.com\/?attachment_id=72487\" class=\"wp-image-72487\" srcset=\"https:\/\/www.marelle-bio.com\/wp-content\/uploads\/2023\/06\/IMG_8408-1-784x1024.jpeg 784w, https:\/\/www.marelle-bio.com\/wp-content\/uploads\/2023\/06\/IMG_8408-1-600x784.jpeg 600w, https:\/\/www.marelle-bio.com\/wp-content\/uploads\/2023\/06\/IMG_8408-1-613x800.jpeg 613w, https:\/\/www.marelle-bio.com\/wp-content\/uploads\/2023\/06\/IMG_8408-1-768x1003.jpeg 768w, https:\/\/www.marelle-bio.com\/wp-content\/uploads\/2023\/06\/IMG_8408-1-1176x1536.jpeg 1176w, https:\/\/www.marelle-bio.com\/wp-content\/uploads\/2023\/06\/IMG_8408-1-300x392.jpeg 300w, https:\/\/www.marelle-bio.com\/wp-content\/uploads\/2023\/06\/IMG_8408-1.jpeg 1284w\" sizes=\"(max-width: 784px) 100vw, 784px\" \/><\/figure><\/li><li class=\"blocks-gallery-item\"><figure><img decoding=\"async\" loading=\"lazy\" width=\"778\" height=\"1024\" src=\"https:\/\/www.marelle-bio.com\/wp-content\/uploads\/2023\/06\/IMG_8409-1-778x1024.jpeg\" alt=\"\" data-id=\"72489\" data-full-url=\"https:\/\/www.marelle-bio.com\/wp-content\/uploads\/2023\/06\/IMG_8409-1.jpeg\" data-link=\"https:\/\/www.marelle-bio.com\/?attachment_id=72489\" class=\"wp-image-72489\" srcset=\"https:\/\/www.marelle-bio.com\/wp-content\/uploads\/2023\/06\/IMG_8409-1-778x1024.jpeg 778w, https:\/\/www.marelle-bio.com\/wp-content\/uploads\/2023\/06\/IMG_8409-1-600x790.jpeg 600w, https:\/\/www.marelle-bio.com\/wp-content\/uploads\/2023\/06\/IMG_8409-1-608x800.jpeg 608w, https:\/\/www.marelle-bio.com\/wp-content\/uploads\/2023\/06\/IMG_8409-1-768x1011.jpeg 768w, https:\/\/www.marelle-bio.com\/wp-content\/uploads\/2023\/06\/IMG_8409-1-1167x1536.jpeg 1167w, https:\/\/www.marelle-bio.com\/wp-content\/uploads\/2023\/06\/IMG_8409-1-300x395.jpeg 300w, https:\/\/www.marelle-bio.com\/wp-content\/uploads\/2023\/06\/IMG_8409-1.jpeg 1282w\" sizes=\"(max-width: 778px) 100vw, 778px\" \/><\/figure><\/li><\/ul><\/figure>\n\n\n\n<p><strong>Ein Einkaufsbummel im neuen Ausstellungsraum von My Little Room im Viertel Eaux-Vives<\/strong><\/p>\n\n\n\n<p>Diese Boutique bietet alles, was in der Welt der Kinder sch\u00f6n ist &#8211; von M\u00f6beln und Dekorationen bis hin zu Spielzeug, Pflegeprodukten und Accessoires. Nat\u00fcrlich finden Sie hier auch Marelle! In einem hellen Industriegeb\u00e4ude gelegen, ist dieser zweist\u00f6ckige Ausstellungsraum der Genfer Tempel des Kinderdesigns!<\/p>\n\n\n\n<p><em><a href=\"https:\/\/www.mylittleroom.ch\/de\/?gclid=CjwKCAjwgsqoBhBNEiwAwe5w0_Gsh5zU7Yf1ZGps1pp44NDTnAGeug-g5-hG2clXJ7YaGMdaoXf-NRoCi90QAvD_BwE\">www.mylittleroom.ch<\/a><\/em><\/p>\n\n\n\n<div class=\"wp-block-group\"><div class=\"wp-block-group__inner-container is-layout-flow wp-block-group-is-layout-flow\">\n<div class=\"wp-block-group\"><div class=\"wp-block-group__inner-container is-layout-flow wp-block-group-is-layout-flow\">\n<div class=\"wp-block-group\"><div class=\"wp-block-group__inner-container is-layout-flow wp-block-group-is-layout-flow\">\n<figure class=\"wp-block-gallery aligncenter columns-2 is-cropped wp-block-gallery-3 is-layout-flex wp-block-gallery-is-layout-flex\"><ul class=\"blocks-gallery-grid\"><li class=\"blocks-gallery-item\"><figure><img decoding=\"async\" loading=\"lazy\" width=\"825\" height=\"1024\" src=\"https:\/\/www.marelle-bio.com\/wp-content\/uploads\/2023\/06\/8BD5BCCE-3689-4307-AA75-738BBC03BEE7_1_201_a-2-825x1024.jpeg\" alt=\"\" data-id=\"72805\" data-full-url=\"https:\/\/www.marelle-bio.com\/wp-content\/uploads\/2023\/06\/8BD5BCCE-3689-4307-AA75-738BBC03BEE7_1_201_a-2.jpeg\" data-link=\"https:\/\/www.marelle-bio.com\/?attachment_id=72805\" class=\"wp-image-72805\" srcset=\"https:\/\/www.marelle-bio.com\/wp-content\/uploads\/2023\/06\/8BD5BCCE-3689-4307-AA75-738BBC03BEE7_1_201_a-2-825x1024.jpeg 825w, https:\/\/www.marelle-bio.com\/wp-content\/uploads\/2023\/06\/8BD5BCCE-3689-4307-AA75-738BBC03BEE7_1_201_a-2-600x745.jpeg 600w, https:\/\/www.marelle-bio.com\/wp-content\/uploads\/2023\/06\/8BD5BCCE-3689-4307-AA75-738BBC03BEE7_1_201_a-2-644x800.jpeg 644w, https:\/\/www.marelle-bio.com\/wp-content\/uploads\/2023\/06\/8BD5BCCE-3689-4307-AA75-738BBC03BEE7_1_201_a-2-768x954.jpeg 768w, https:\/\/www.marelle-bio.com\/wp-content\/uploads\/2023\/06\/8BD5BCCE-3689-4307-AA75-738BBC03BEE7_1_201_a-2-1237x1536.jpeg 1237w, https:\/\/www.marelle-bio.com\/wp-content\/uploads\/2023\/06\/8BD5BCCE-3689-4307-AA75-738BBC03BEE7_1_201_a-2-300x372.jpeg 300w, https:\/\/www.marelle-bio.com\/wp-content\/uploads\/2023\/06\/8BD5BCCE-3689-4307-AA75-738BBC03BEE7_1_201_a-2.jpeg 1283w\" sizes=\"(max-width: 825px) 100vw, 825px\" \/><\/figure><\/li><li class=\"blocks-gallery-item\"><figure><img decoding=\"async\" loading=\"lazy\" width=\"819\" height=\"1024\" src=\"https:\/\/www.marelle-bio.com\/wp-content\/uploads\/2023\/06\/6B20C797-D668-4258-BC10-3F72D38766B3-5-819x1024.jpeg\" alt=\"\" data-id=\"72807\" data-full-url=\"https:\/\/www.marelle-bio.com\/wp-content\/uploads\/2023\/06\/6B20C797-D668-4258-BC10-3F72D38766B3-5-scaled.jpeg\" data-link=\"https:\/\/www.marelle-bio.com\/?attachment_id=72807\" class=\"wp-image-72807\" srcset=\"https:\/\/www.marelle-bio.com\/wp-content\/uploads\/2023\/06\/6B20C797-D668-4258-BC10-3F72D38766B3-5-819x1024.jpeg 819w, https:\/\/www.marelle-bio.com\/wp-content\/uploads\/2023\/06\/6B20C797-D668-4258-BC10-3F72D38766B3-5-600x750.jpeg 600w, https:\/\/www.marelle-bio.com\/wp-content\/uploads\/2023\/06\/6B20C797-D668-4258-BC10-3F72D38766B3-5-640x800.jpeg 640w, https:\/\/www.marelle-bio.com\/wp-content\/uploads\/2023\/06\/6B20C797-D668-4258-BC10-3F72D38766B3-5-768x960.jpeg 768w, https:\/\/www.marelle-bio.com\/wp-content\/uploads\/2023\/06\/6B20C797-D668-4258-BC10-3F72D38766B3-5-1228x1536.jpeg 1228w, https:\/\/www.marelle-bio.com\/wp-content\/uploads\/2023\/06\/6B20C797-D668-4258-BC10-3F72D38766B3-5-scaled.jpeg 1638w, https:\/\/www.marelle-bio.com\/wp-content\/uploads\/2023\/06\/6B20C797-D668-4258-BC10-3F72D38766B3-5-2000x2501.jpeg 2000w, https:\/\/www.marelle-bio.com\/wp-content\/uploads\/2023\/06\/6B20C797-D668-4258-BC10-3F72D38766B3-5-300x375.jpeg 300w\" sizes=\"(max-width: 819px) 100vw, 819px\" \/><\/figure><\/li><\/ul><\/figure>\n<\/div><\/div>\n<\/div><\/div>\n<\/div><\/div>\n\n\n\n<p><strong>Trinken Sie eine Limonade im Kiosque des Bastions<\/strong><\/p>\n\n\n\n<p>Der Kiosk wurde w\u00e4hrend der Belle Epoque zwischen 1881 und 1882 erbaut, um die K\u00fcnste zu demokratisieren, indem die Musik aus den aristokratischen Salons, Opernh\u00e4usern und Theatern des wundersch\u00f6nen Parc des Bastions in Genf herausgeholt wurde. Im Laufe der Jahre wurde es zu einem Kino und heute zu einem Restaurant. Dieses au\u00dfergew\u00f6hnliche Glasgeb\u00e4ude wurde vor kurzem auf wunderbare Weise im Art-Deco-Stil restauriert, mit Palmen, exotischen Motiven und einer \u00fcberwiegend gr\u00fcnen Farbgebung, die den Besucher in einen Gro\u00dfstadtdschungel versetzt. Die gro\u00dfe Terrasse des Kiosks ist eine Oase der Ruhe im Stadtzentrum. Bringen Sie die Kinder auf eine Limonade oder einen Aperitif mit!<\/p>\n\n\n\n<p><a href=\"https:\/\/bastions.ch\"><em>www.bastions.ch<\/em><\/a><\/p>\n\n\n\n<figure class=\"wp-block-gallery aligncenter columns-2 is-cropped wp-block-gallery-8 is-layout-flex wp-block-gallery-is-layout-flex\"><ul class=\"blocks-gallery-grid\"><li class=\"blocks-gallery-item\"><figure><img decoding=\"async\" loading=\"lazy\" width=\"928\" height=\"1024\" src=\"https:\/\/www.marelle-bio.com\/wp-content\/uploads\/2023\/06\/Capture-d\u2019\u00e9cran-2023-06-12-\u00e0-16.29.45-928x1024.png\" alt=\"\" data-id=\"72810\" data-full-url=\"https:\/\/www.marelle-bio.com\/wp-content\/uploads\/2023\/06\/Capture-d\u2019\u00e9cran-2023-06-12-\u00e0-16.29.45.png\" data-link=\"https:\/\/www.marelle-bio.com\/?attachment_id=72810\" class=\"wp-image-72810\" srcset=\"https:\/\/www.marelle-bio.com\/wp-content\/uploads\/2023\/06\/Capture-d\u2019\u00e9cran-2023-06-12-\u00e0-16.29.45-928x1024.png 928w, https:\/\/www.marelle-bio.com\/wp-content\/uploads\/2023\/06\/Capture-d\u2019\u00e9cran-2023-06-12-\u00e0-16.29.45-600x662.png 600w, https:\/\/www.marelle-bio.com\/wp-content\/uploads\/2023\/06\/Capture-d\u2019\u00e9cran-2023-06-12-\u00e0-16.29.45-725x800.png 725w, https:\/\/www.marelle-bio.com\/wp-content\/uploads\/2023\/06\/Capture-d\u2019\u00e9cran-2023-06-12-\u00e0-16.29.45-768x847.png 768w, https:\/\/www.marelle-bio.com\/wp-content\/uploads\/2023\/06\/Capture-d\u2019\u00e9cran-2023-06-12-\u00e0-16.29.45-300x331.png 300w, https:\/\/www.marelle-bio.com\/wp-content\/uploads\/2023\/06\/Capture-d\u2019\u00e9cran-2023-06-12-\u00e0-16.29.45.png 1102w\" sizes=\"(max-width: 928px) 100vw, 928px\" \/><\/figure><\/li><li class=\"blocks-gallery-item\"><figure><img decoding=\"async\" loading=\"lazy\" width=\"928\" height=\"1024\" src=\"https:\/\/www.marelle-bio.com\/wp-content\/uploads\/2023\/06\/Capture-d\u2019\u00e9cran-2023-06-12-\u00e0-16.30.06-928x1024.png\" alt=\"\" data-id=\"72812\" data-full-url=\"https:\/\/www.marelle-bio.com\/wp-content\/uploads\/2023\/06\/Capture-d\u2019\u00e9cran-2023-06-12-\u00e0-16.30.06.png\" data-link=\"https:\/\/www.marelle-bio.com\/?attachment_id=72812\" class=\"wp-image-72812\" srcset=\"https:\/\/www.marelle-bio.com\/wp-content\/uploads\/2023\/06\/Capture-d\u2019\u00e9cran-2023-06-12-\u00e0-16.30.06-928x1024.png 928w, https:\/\/www.marelle-bio.com\/wp-content\/uploads\/2023\/06\/Capture-d\u2019\u00e9cran-2023-06-12-\u00e0-16.30.06-600x662.png 600w, https:\/\/www.marelle-bio.com\/wp-content\/uploads\/2023\/06\/Capture-d\u2019\u00e9cran-2023-06-12-\u00e0-16.30.06-725x800.png 725w, https:\/\/www.marelle-bio.com\/wp-content\/uploads\/2023\/06\/Capture-d\u2019\u00e9cran-2023-06-12-\u00e0-16.30.06-768x848.png 768w, https:\/\/www.marelle-bio.com\/wp-content\/uploads\/2023\/06\/Capture-d\u2019\u00e9cran-2023-06-12-\u00e0-16.30.06-300x331.png 300w, https:\/\/www.marelle-bio.com\/wp-content\/uploads\/2023\/06\/Capture-d\u2019\u00e9cran-2023-06-12-\u00e0-16.30.06.png 1080w\" sizes=\"(max-width: 928px) 100vw, 928px\" \/><\/figure><\/li><\/ul><\/figure>\n\n\n\n<p><strong>Kinobesuch im Cin\u00e9 17<\/strong><\/p>\n\n\n\n<p>Gleich au\u00dferhalb des Parc des Bastions liegt das Cin\u00e9 17, ein wunderbares unabh\u00e4ngiges Kino mit einem ausgezeichneten Programm. Das T\u00fcpfelchen auf dem i ist, dass der Hauptsaal \u00fcber gro\u00dfe, bequeme Ledersitze verf\u00fcgt, die Sie zur\u00fccklehnen k\u00f6nnen. Alles, was Sie brauchen, um Ihren Film zu genie\u00dfen! <\/p>\n\n\n\n<p><a href=\"http:\/\/www.cine17.ch\"><em>www.cine17.ch<\/em><\/a><\/p>\n\n\n\n<figure class=\"wp-block-gallery aligncenter columns-2 is-cropped wp-block-gallery-10 is-layout-flex wp-block-gallery-is-layout-flex\"><ul class=\"blocks-gallery-grid\"><li class=\"blocks-gallery-item\"><figure><img decoding=\"async\" loading=\"lazy\" width=\"576\" height=\"792\" src=\"https:\/\/www.marelle-bio.com\/wp-content\/uploads\/2023\/06\/Capture-d\u2019\u00e9cran-2023-06-13-\u00e0-16.19.32.png\" alt=\"\" data-id=\"72885\" data-full-url=\"https:\/\/www.marelle-bio.com\/wp-content\/uploads\/2023\/06\/Capture-d\u2019\u00e9cran-2023-06-13-\u00e0-16.19.32.png\" data-link=\"https:\/\/www.marelle-bio.com\/?attachment_id=72885\" class=\"wp-image-72885\" srcset=\"https:\/\/www.marelle-bio.com\/wp-content\/uploads\/2023\/06\/Capture-d\u2019\u00e9cran-2023-06-13-\u00e0-16.19.32.png 576w, https:\/\/www.marelle-bio.com\/wp-content\/uploads\/2023\/06\/Capture-d\u2019\u00e9cran-2023-06-13-\u00e0-16.19.32-300x413.png 300w\" sizes=\"(max-width: 576px) 100vw, 576px\" \/><\/figure><\/li><li class=\"blocks-gallery-item\"><figure><img decoding=\"async\" loading=\"lazy\" width=\"652\" height=\"874\" src=\"https:\/\/www.marelle-bio.com\/wp-content\/uploads\/2023\/06\/Capture-d\u2019\u00e9cran-2023-06-13-\u00e0-16.18.12.png\" alt=\"\" data-id=\"72887\" data-full-url=\"https:\/\/www.marelle-bio.com\/wp-content\/uploads\/2023\/06\/Capture-d\u2019\u00e9cran-2023-06-13-\u00e0-16.18.12.png\" data-link=\"https:\/\/www.marelle-bio.com\/?attachment_id=72887\" class=\"wp-image-72887\" srcset=\"https:\/\/www.marelle-bio.com\/wp-content\/uploads\/2023\/06\/Capture-d\u2019\u00e9cran-2023-06-13-\u00e0-16.18.12.png 652w, https:\/\/www.marelle-bio.com\/wp-content\/uploads\/2023\/06\/Capture-d\u2019\u00e9cran-2023-06-13-\u00e0-16.18.12-600x804.png 600w, https:\/\/www.marelle-bio.com\/wp-content\/uploads\/2023\/06\/Capture-d\u2019\u00e9cran-2023-06-13-\u00e0-16.18.12-597x800.png 597w, https:\/\/www.marelle-bio.com\/wp-content\/uploads\/2023\/06\/Capture-d\u2019\u00e9cran-2023-06-13-\u00e0-16.18.12-300x402.png 300w\" sizes=\"(max-width: 652px) 100vw, 652px\" \/><\/figure><\/li><\/ul><\/figure>\n\n\n\n<p><strong>Spaziergang am Strand von Eaux-Vives und Abendessen im Restaurant de la Plage<\/strong><\/p>\n\n\n\n<p>Ein Spaziergang am neuen Strand von Eaux-Vives ist eine sehr angenehme Erfahrung am Ufer des Genfer Sees.  Am Ende des Strandes erstreckt sich die riesige Terrasse des Restaurant de la Plage. Das vollst\u00e4ndig verglaste Industriegeb\u00e4ude bietet einen einzigartigen Panoramablick! Das Restaurant de la Plage ist nicht nur ein wundersch\u00f6nes Geb\u00e4ude inmitten des Sees mit einer atemberaubenden Aussicht, es ist vor allem ein Genfer Bistro, in dem Sie garantiert saisonale und r\u00fcckverfolgbare Produkte aus der Region essen k\u00f6nnen. Wenn Sie lieber unterwegs essen m\u00f6chten, gibt es direkt neben dem Restaurant eine einfachere Buvette, in der Sie Qualit\u00e4tsgerichte zum Mitnehmen oder an gro\u00dfen Tischen mit Blick auf den See vor Ort genie\u00dfen k\u00f6nnen.<\/p>\n\n\n\n<p><a href=\"https:\/\/restoplage.ch\"><em>www.restoplage.ch<\/em><\/a><\/p>\n\n\n\n<figure class=\"wp-block-gallery columns-1 is-cropped wp-block-gallery-12 is-layout-flex wp-block-gallery-is-layout-flex\"><ul class=\"blocks-gallery-grid\"><li class=\"blocks-gallery-item\"><figure><img decoding=\"async\" loading=\"lazy\" width=\"1024\" height=\"450\" src=\"https:\/\/www.marelle-bio.com\/wp-content\/uploads\/2023\/06\/Capture-d\u2019\u00e9cran-2023-06-08-\u00e0-15.42.32-1024x450.png\" alt=\"\" data-id=\"72890\" data-full-url=\"https:\/\/www.marelle-bio.com\/wp-content\/uploads\/2023\/06\/Capture-d\u2019\u00e9cran-2023-06-08-\u00e0-15.42.32.png\" data-link=\"https:\/\/www.marelle-bio.com\/?attachment_id=72890\" class=\"wp-image-72890\" srcset=\"https:\/\/www.marelle-bio.com\/wp-content\/uploads\/2023\/06\/Capture-d\u2019\u00e9cran-2023-06-08-\u00e0-15.42.32-1024x450.png 1024w, https:\/\/www.marelle-bio.com\/wp-content\/uploads\/2023\/06\/Capture-d\u2019\u00e9cran-2023-06-08-\u00e0-15.42.32-600x264.png 600w, https:\/\/www.marelle-bio.com\/wp-content\/uploads\/2023\/06\/Capture-d\u2019\u00e9cran-2023-06-08-\u00e0-15.42.32-800x352.png 800w, https:\/\/www.marelle-bio.com\/wp-content\/uploads\/2023\/06\/Capture-d\u2019\u00e9cran-2023-06-08-\u00e0-15.42.32-768x337.png 768w, https:\/\/www.marelle-bio.com\/wp-content\/uploads\/2023\/06\/Capture-d\u2019\u00e9cran-2023-06-08-\u00e0-15.42.32-1536x675.png 1536w, https:\/\/www.marelle-bio.com\/wp-content\/uploads\/2023\/06\/Capture-d\u2019\u00e9cran-2023-06-08-\u00e0-15.42.32.png 2048w, https:\/\/www.marelle-bio.com\/wp-content\/uploads\/2023\/06\/Capture-d\u2019\u00e9cran-2023-06-08-\u00e0-15.42.32-2000x879.png 2000w, https:\/\/www.marelle-bio.com\/wp-content\/uploads\/2023\/06\/Capture-d\u2019\u00e9cran-2023-06-08-\u00e0-15.42.32-300x132.png 300w\" sizes=\"(max-width: 1024px) 100vw, 1024px\" \/><\/figure><\/li><\/ul><\/figure>\n\n\n\n<p><strong>Wenn Sie ein schickeres Restaurant suchen, ist das Caf\u00e9 de la Plage eine der besten kulinarischen Adressen in Genf!<\/strong><\/p>\n\n\n\n<p>Dieses Restaurant befindet sich im Stadtzentrum, in der majest\u00e4tischen Kulisse des Grand Th\u00e9\u00e2tre! Es ist ein bistronomisches Restaurant, das elegante saisonale Gerichte in einem modernen Rahmen anbietet, der sich gut in die klassische Architektur dieses Wahrzeichens der Stadt einf\u00fcgt. Die K\u00fcche ist k\u00f6stlich und raffiniert. Das Restaurant verf\u00fcgt auch \u00fcber eine Terrasse f\u00fcr sonnige Tage.<\/p>\n\n\n\n<p> <a href=\"https:\/\/www.gtg.ch\/cafe-de-la-plage\/\"><em>www.gtg.ch\/cafe-de-la-plage<\/em><\/a><\/p>\n\n\n\n<figure class=\"wp-block-gallery columns-2 is-cropped wp-block-gallery-14 is-layout-flex wp-block-gallery-is-layout-flex\"><ul class=\"blocks-gallery-grid\"><li class=\"blocks-gallery-item\"><figure><img decoding=\"async\" loading=\"lazy\" width=\"694\" height=\"870\" src=\"https:\/\/www.marelle-bio.com\/wp-content\/uploads\/2023\/06\/Capture-d\u2019\u00e9cran-2023-06-08-\u00e0-16.34.15.png\" alt=\"\" data-id=\"72892\" data-full-url=\"https:\/\/www.marelle-bio.com\/wp-content\/uploads\/2023\/06\/Capture-d\u2019\u00e9cran-2023-06-08-\u00e0-16.34.15.png\" data-link=\"https:\/\/www.marelle-bio.com\/?attachment_id=72892\" class=\"wp-image-72892\" srcset=\"https:\/\/www.marelle-bio.com\/wp-content\/uploads\/2023\/06\/Capture-d\u2019\u00e9cran-2023-06-08-\u00e0-16.34.15.png 694w, https:\/\/www.marelle-bio.com\/wp-content\/uploads\/2023\/06\/Capture-d\u2019\u00e9cran-2023-06-08-\u00e0-16.34.15-600x752.png 600w, https:\/\/www.marelle-bio.com\/wp-content\/uploads\/2023\/06\/Capture-d\u2019\u00e9cran-2023-06-08-\u00e0-16.34.15-638x800.png 638w, https:\/\/www.marelle-bio.com\/wp-content\/uploads\/2023\/06\/Capture-d\u2019\u00e9cran-2023-06-08-\u00e0-16.34.15-300x376.png 300w\" sizes=\"(max-width: 694px) 100vw, 694px\" \/><\/figure><\/li><li class=\"blocks-gallery-item\"><figure><img decoding=\"async\" loading=\"lazy\" width=\"926\" height=\"754\" src=\"https:\/\/www.marelle-bio.com\/wp-content\/uploads\/2023\/06\/Capture-d\u2019\u00e9cran-2023-06-08-\u00e0-16.40.35.png\" alt=\"\" data-id=\"72894\" data-full-url=\"https:\/\/www.marelle-bio.com\/wp-content\/uploads\/2023\/06\/Capture-d\u2019\u00e9cran-2023-06-08-\u00e0-16.40.35.png\" data-link=\"https:\/\/www.marelle-bio.com\/?attachment_id=72894\" class=\"wp-image-72894\" srcset=\"https:\/\/www.marelle-bio.com\/wp-content\/uploads\/2023\/06\/Capture-d\u2019\u00e9cran-2023-06-08-\u00e0-16.40.35.png 926w, https:\/\/www.marelle-bio.com\/wp-content\/uploads\/2023\/06\/Capture-d\u2019\u00e9cran-2023-06-08-\u00e0-16.40.35-600x489.png 600w, https:\/\/www.marelle-bio.com\/wp-content\/uploads\/2023\/06\/Capture-d\u2019\u00e9cran-2023-06-08-\u00e0-16.40.35-800x651.png 800w, https:\/\/www.marelle-bio.com\/wp-content\/uploads\/2023\/06\/Capture-d\u2019\u00e9cran-2023-06-08-\u00e0-16.40.35-768x625.png 768w, https:\/\/www.marelle-bio.com\/wp-content\/uploads\/2023\/06\/Capture-d\u2019\u00e9cran-2023-06-08-\u00e0-16.40.35-300x244.png 300w\" sizes=\"(max-width: 926px) 100vw, 926px\" \/><\/figure><\/li><\/ul><\/figure>\n","protected":false},"excerpt":{"rendered":"<p>Da ich seit fast 12 Jahren in Genf lebe, m\u00f6chte ich Ihnen meine Lieblingsorte vorstellen, an denen Sie mit Ihrer Familie in der Stadt Calvin (&#8230;)<\/p>\n","protected":false},"author":9,"featured_media":72785,"comment_status":"closed","ping_status":"closed","sticky":false,"template":"","format":"standard","meta":{"footnotes":""},"acf":[],"yoast_head":"<!-- This site is optimized with the Yoast SEO plugin v21.2 - https:\/\/yoast.com\/wordpress\/plugins\/seo\/ -->\n<title>Unsere Lieblingsadressen in Genf &#8226; Marelle<\/title>\n<meta name=\"robots\" content=\"index, follow, max-snippet:-1, max-image-preview:large, max-video-preview:-1\" \/>\n<link rel=\"canonical\" href=\"https:\/\/www.marelle-bio.com\/fr\/nos-adresses-preferees-a-geneve\/\" \/>\n<meta property=\"og:locale\" content=\"de_DE\" \/>\n<meta property=\"og:type\" content=\"article\" \/>\n<meta property=\"og:title\" content=\"Unsere Lieblingsadressen in Genf &#8226; Marelle\" \/>\n<meta property=\"og:description\" content=\"Da ich seit fast 12 Jahren in Genf lebe, m\u00f6chte ich Ihnen meine Lieblingsorte vorstellen, an denen Sie mit Ihrer Familie in der Stadt Calvin (...)\" \/>\n<meta property=\"og:url\" content=\"https:\/\/www.marelle-bio.com\/fr\/nos-adresses-preferees-a-geneve\/\" \/>\n<meta property=\"og:site_name\" content=\"Marelle\" \/>\n<meta property=\"article:publisher\" content=\"https:\/\/www.facebook.com\/marellebio\/\" \/>\n<meta property=\"article:published_time\" content=\"2023-06-15T11:59:05+00:00\" \/>\n<meta property=\"article:modified_time\" content=\"2023-09-26T09:49:39+00:00\" \/>\n<meta property=\"og:image\" content=\"https:\/\/www.marelle-bio.com\/wp-content\/uploads\/2023\/06\/Capture-d\u2019\u00e9cran-2023-06-12-\u00e0-15.57.07.png\" \/>\n\t<meta property=\"og:image:width\" content=\"2048\" \/>\n\t<meta property=\"og:image:height\" content=\"822\" \/>\n\t<meta property=\"og:image:type\" content=\"image\/png\" \/>\n<meta name=\"author\" content=\"Vanessa\" \/>\n<meta name=\"twitter:card\" content=\"summary_large_image\" \/>\n<meta name=\"twitter:label1\" content=\"Verfasst von\" \/>\n\t<meta name=\"twitter:data1\" content=\"Vanessa\" \/>\n\t<meta name=\"twitter:label2\" content=\"Gesch\u00e4tzte Lesezeit\" \/>\n\t<meta name=\"twitter:data2\" content=\"3\u00a0Minuten\" \/>\n<script type=\"application\/ld+json\" class=\"yoast-schema-graph\">{\"@context\":\"https:\/\/schema.org\",\"@graph\":[{\"@type\":\"Article\",\"@id\":\"https:\/\/www.marelle-bio.com\/fr\/nos-adresses-preferees-a-geneve\/#article\",\"isPartOf\":{\"@id\":\"https:\/\/www.marelle-bio.com\/fr\/nos-adresses-preferees-a-geneve\/\"},\"author\":{\"name\":\"Vanessa\",\"@id\":\"https:\/\/www.marelle-bio.com\/fr\/#\/schema\/person\/9119c533d28e414df6fb97f440c5f62d\"},\"headline\":\"Unsere Lieblingsadressen in Genf\",\"datePublished\":\"2023-06-15T11:59:05+00:00\",\"dateModified\":\"2023-09-26T09:49:39+00:00\",\"mainEntityOfPage\":{\"@id\":\"https:\/\/www.marelle-bio.com\/fr\/nos-adresses-preferees-a-geneve\/\"},\"wordCount\":599,\"publisher\":{\"@id\":\"https:\/\/www.marelle-bio.com\/fr\/#organization\"},\"inLanguage\":\"de\"},{\"@type\":\"WebPage\",\"@id\":\"https:\/\/www.marelle-bio.com\/fr\/nos-adresses-preferees-a-geneve\/\",\"url\":\"https:\/\/www.marelle-bio.com\/fr\/nos-adresses-preferees-a-geneve\/\",\"name\":\"Unsere Lieblingsadressen in Genf &#8226; Marelle\",\"isPartOf\":{\"@id\":\"https:\/\/www.marelle-bio.com\/fr\/#website\"},\"datePublished\":\"2023-06-15T11:59:05+00:00\",\"dateModified\":\"2023-09-26T09:49:39+00:00\",\"breadcrumb\":{\"@id\":\"https:\/\/www.marelle-bio.com\/fr\/nos-adresses-preferees-a-geneve\/#breadcrumb\"},\"inLanguage\":\"de\",\"potentialAction\":[{\"@type\":\"ReadAction\",\"target\":[\"https:\/\/www.marelle-bio.com\/fr\/nos-adresses-preferees-a-geneve\/\"]}]},{\"@type\":\"BreadcrumbList\",\"@id\":\"https:\/\/www.marelle-bio.com\/fr\/nos-adresses-preferees-a-geneve\/#breadcrumb\",\"itemListElement\":[{\"@type\":\"ListItem\",\"position\":1,\"name\":\"Accueil\",\"item\":\"https:\/\/www.marelle-bio.com\/de\/\"},{\"@type\":\"ListItem\",\"position\":2,\"name\":\"Unsere Lieblingsadressen in Genf\"}]},{\"@type\":\"WebSite\",\"@id\":\"https:\/\/www.marelle-bio.com\/fr\/#website\",\"url\":\"https:\/\/www.marelle-bio.com\/fr\/\",\"name\":\"Marelle\",\"description\":\"Soins bio pour b\u00e9b\u00e9s et enfants\",\"publisher\":{\"@id\":\"https:\/\/www.marelle-bio.com\/fr\/#organization\"},\"potentialAction\":[{\"@type\":\"SearchAction\",\"target\":{\"@type\":\"EntryPoint\",\"urlTemplate\":\"https:\/\/www.marelle-bio.com\/fr\/?s={search_term_string}\"},\"query-input\":\"required name=search_term_string\"}],\"inLanguage\":\"de\"},{\"@type\":\"Organization\",\"@id\":\"https:\/\/www.marelle-bio.com\/fr\/#organization\",\"name\":\"Marelle\",\"url\":\"https:\/\/www.marelle-bio.com\/fr\/\",\"logo\":{\"@type\":\"ImageObject\",\"inLanguage\":\"de\",\"@id\":\"https:\/\/www.marelle-bio.com\/fr\/#\/schema\/logo\/image\/\",\"url\":\"https:\/\/www.marelle-bio.com\/wp-content\/uploads\/2019\/10\/logo.png\",\"contentUrl\":\"https:\/\/www.marelle-bio.com\/wp-content\/uploads\/2019\/10\/logo.png\",\"width\":608,\"height\":295,\"caption\":\"Marelle\"},\"image\":{\"@id\":\"https:\/\/www.marelle-bio.com\/fr\/#\/schema\/logo\/image\/\"},\"sameAs\":[\"https:\/\/www.facebook.com\/marellebio\/\",\"https:\/\/www.instagram.com\/marelle_bio\/\"]},{\"@type\":\"Person\",\"@id\":\"https:\/\/www.marelle-bio.com\/fr\/#\/schema\/person\/9119c533d28e414df6fb97f440c5f62d\",\"name\":\"Vanessa\"}]}<\/script>\n<!-- \/ Yoast SEO plugin. -->","yoast_head_json":{"title":"Unsere Lieblingsadressen in Genf &#8226; Marelle","robots":{"index":"index","follow":"follow","max-snippet":"max-snippet:-1","max-image-preview":"max-image-preview:large","max-video-preview":"max-video-preview:-1"},"canonical":"https:\/\/www.marelle-bio.com\/fr\/nos-adresses-preferees-a-geneve\/","og_locale":"de_DE","og_type":"article","og_title":"Unsere Lieblingsadressen in Genf &#8226; Marelle","og_description":"Da ich seit fast 12 Jahren in Genf lebe, m\u00f6chte ich Ihnen meine Lieblingsorte vorstellen, an denen Sie mit Ihrer Familie in der Stadt Calvin (...)","og_url":"https:\/\/www.marelle-bio.com\/fr\/nos-adresses-preferees-a-geneve\/","og_site_name":"Marelle","article_publisher":"https:\/\/www.facebook.com\/marellebio\/","article_published_time":"2023-06-15T11:59:05+00:00","article_modified_time":"2023-09-26T09:49:39+00:00","og_image":[{"width":2048,"height":822,"url":"https:\/\/www.marelle-bio.com\/wp-content\/uploads\/2023\/06\/Capture-d\u2019\u00e9cran-2023-06-12-\u00e0-15.57.07.png","type":"image\/png"}],"author":"Vanessa","twitter_card":"summary_large_image","twitter_misc":{"Verfasst von":"Vanessa","Gesch\u00e4tzte Lesezeit":"3\u00a0Minuten"},"schema":{"@context":"https:\/\/schema.org","@graph":[{"@type":"Article","@id":"https:\/\/www.marelle-bio.com\/fr\/nos-adresses-preferees-a-geneve\/#article","isPartOf":{"@id":"https:\/\/www.marelle-bio.com\/fr\/nos-adresses-preferees-a-geneve\/"},"author":{"name":"Vanessa","@id":"https:\/\/www.marelle-bio.com\/fr\/#\/schema\/person\/9119c533d28e414df6fb97f440c5f62d"},"headline":"Unsere Lieblingsadressen in Genf","datePublished":"2023-06-15T11:59:05+00:00","dateModified":"2023-09-26T09:49:39+00:00","mainEntityOfPage":{"@id":"https:\/\/www.marelle-bio.com\/fr\/nos-adresses-preferees-a-geneve\/"},"wordCount":599,"publisher":{"@id":"https:\/\/www.marelle-bio.com\/fr\/#organization"},"inLanguage":"de"},{"@type":"WebPage","@id":"https:\/\/www.marelle-bio.com\/fr\/nos-adresses-preferees-a-geneve\/","url":"https:\/\/www.marelle-bio.com\/fr\/nos-adresses-preferees-a-geneve\/","name":"Unsere Lieblingsadressen in Genf &#8226; Marelle","isPartOf":{"@id":"https:\/\/www.marelle-bio.com\/fr\/#website"},"datePublished":"2023-06-15T11:59:05+00:00","dateModified":"2023-09-26T09:49:39+00:00","breadcrumb":{"@id":"https:\/\/www.marelle-bio.com\/fr\/nos-adresses-preferees-a-geneve\/#breadcrumb"},"inLanguage":"de","potentialAction":[{"@type":"ReadAction","target":["https:\/\/www.marelle-bio.com\/fr\/nos-adresses-preferees-a-geneve\/"]}]},{"@type":"BreadcrumbList","@id":"https:\/\/www.marelle-bio.com\/fr\/nos-adresses-preferees-a-geneve\/#breadcrumb","itemListElement":[{"@type":"ListItem","position":1,"name":"Accueil","item":"https:\/\/www.marelle-bio.com\/de\/"},{"@type":"ListItem","position":2,"name":"Unsere Lieblingsadressen in Genf"}]},{"@type":"WebSite","@id":"https:\/\/www.marelle-bio.com\/fr\/#website","url":"https:\/\/www.marelle-bio.com\/fr\/","name":"Marelle","description":"Soins bio pour b\u00e9b\u00e9s et enfants","publisher":{"@id":"https:\/\/www.marelle-bio.com\/fr\/#organization"},"potentialAction":[{"@type":"SearchAction","target":{"@type":"EntryPoint","urlTemplate":"https:\/\/www.marelle-bio.com\/fr\/?s={search_term_string}"},"query-input":"required name=search_term_string"}],"inLanguage":"de"},{"@type":"Organization","@id":"https:\/\/www.marelle-bio.com\/fr\/#organization","name":"Marelle","url":"https:\/\/www.marelle-bio.com\/fr\/","logo":{"@type":"ImageObject","inLanguage":"de","@id":"https:\/\/www.marelle-bio.com\/fr\/#\/schema\/logo\/image\/","url":"https:\/\/www.marelle-bio.com\/wp-content\/uploads\/2019\/10\/logo.png","contentUrl":"https:\/\/www.marelle-bio.com\/wp-content\/uploads\/2019\/10\/logo.png","width":608,"height":295,"caption":"Marelle"},"image":{"@id":"https:\/\/www.marelle-bio.com\/fr\/#\/schema\/logo\/image\/"},"sameAs":["https:\/\/www.facebook.com\/marellebio\/","https:\/\/www.instagram.com\/marelle_bio\/"]},{"@type":"Person","@id":"https:\/\/www.marelle-bio.com\/fr\/#\/schema\/person\/9119c533d28e414df6fb97f440c5f62d","name":"Vanessa"}]}},"_links":{"self":[{"href":"https:\/\/www.marelle-bio.com\/de\/wp-json\/wp\/v2\/posts\/81014"}],"collection":[{"href":"https:\/\/www.marelle-bio.com\/de\/wp-json\/wp\/v2\/posts"}],"about":[{"href":"https:\/\/www.marelle-bio.com\/de\/wp-json\/wp\/v2\/types\/post"}],"author":[{"embeddable":true,"href":"https:\/\/www.marelle-bio.com\/de\/wp-json\/wp\/v2\/users\/9"}],"replies":[{"embeddable":true,"href":"https:\/\/www.marelle-bio.com\/de\/wp-json\/wp\/v2\/comments?post=81014"}],"version-history":[{"count":2,"href":"https:\/\/www.marelle-bio.com\/de\/wp-json\/wp\/v2\/posts\/81014\/revisions"}],"predecessor-version":[{"id":81018,"href":"https:\/\/www.marelle-bio.com\/de\/wp-json\/wp\/v2\/posts\/81014\/revisions\/81018"}],"wp:featuredmedia":[{"embeddable":true,"href":"https:\/\/www.marelle-bio.com\/de\/wp-json\/wp\/v2\/media\/72785"}],"wp:attachment":[{"href":"https:\/\/www.marelle-bio.com\/de\/wp-json\/wp\/v2\/media?parent=81014"}],"curies":[{"name":"wp","href":"https:\/\/api.w.org\/{rel}","templated":true}]}}